{"id":146443,"date":"2026-02-26T09:34:00","date_gmt":"2026-02-26T01:34:00","guid":{"rendered":"http:\/\/www.namnewsnetwork.org\/es\/?p=146443"},"modified":"2026-02-26T04:20:39","modified_gmt":"2026-02-25T20:20:39","slug":"brasil-registra-30-fallecidos-tras-lluvias-en-el-estado-de-minas-gerais","status":"publish","type":"post","link":"http:\/\/www.namnewsnetwork.org\/es\/?p=146443","title":{"rendered":"Brasil registra 30 fallecidos tras lluvias en el estado de Minas Gerais"},"content":{"rendered":"\n<p>CARACAS, 26 feb (NNN-AVN) &#8212; Las autoridades de Brasil reportaron 30 fallecidos y 39 desaparecidos en Minas Gerais debido a las lluvias registradas en el estado, que causaron inundaciones y deslizamientos de tierra en Juiz de Fora y Ub\u00e1.<\/p>\n\n\n\n<div class=\"wp-block-image\"><figure class=\"aligncenter size-large\"><img loading=\"lazy\" width=\"1024\" height=\"640\" src=\"http:\/\/www.namnewsnetwork.org\/es\/wp-content\/uploads\/2026\/02\/2026-02-24T193140Z_62088293_RC2DSJAM1CD6_RTRMADP_3_BRAZIL-RAIN-1024x640.jpg\" alt=\"\" class=\"wp-image-146489\" srcset=\"http:\/\/www.namnewsnetwork.org\/es\/wp-content\/uploads\/2026\/02\/2026-02-24T193140Z_62088293_RC2DSJAM1CD6_RTRMADP_3_BRAZIL-RAIN-1024x640.jpg 1024w, http:\/\/www.namnewsnetwork.org\/es\/wp-content\/uploads\/2026\/02\/2026-02-24T193140Z_62088293_RC2DSJAM1CD6_RTRMADP_3_BRAZIL-RAIN-300x188.jpg 300w, http:\/\/www.namnewsnetwork.org\/es\/wp-content\/uploads\/2026\/02\/2026-02-24T193140Z_62088293_RC2DSJAM1CD6_RTRMADP_3_BRAZIL-RAIN-768x480.jpg 768w, http:\/\/www.namnewsnetwork.org\/es\/wp-content\/uploads\/2026\/02\/2026-02-24T193140Z_62088293_RC2DSJAM1CD6_RTRMADP_3_BRAZIL-RAIN.jpg 1110w\" sizes=\"(max-width: 1024px) 100vw, 1024px\" \/><figcaption><em><sup>Una vista a\u00e9rea muestra los escombros de un edificio derrumbado despu\u00e9s de que el gobierno de Brasil declarara el estado de calamidad debido a las fuertes lluvias que han matado a residentes y dejado personas desaparecidas, en Juiz de Fora, estado de Minas Gerais, Brasil, el 24 de febrero de 2026. (Foto: REUTERS\/Pilar Olivares)<\/sup><\/em><\/figcaption><\/figure><\/div>\n\n\n\n<p>Alrededor de 440 personas quedaron sin hogar, mientras que los equipos de emergencia localizaron a 13 ciudadanos entre los escombros y evacuaron a 208 personas afectadas, que reciben asistencia m\u00e9dica.<\/p>\n\n\n\n<p>El vicepresidente Geraldo Alckmin anunci\u00f3 el env\u00edo de unidades de las Fuerzas Armadas con helic\u00f3pteros y personal especializado para la b\u00fasqueda y el rescate. Las familias sin hogar recibir\u00e1n una ayuda inicial de 800 reales para la compra de colchones, ropa y alimentos a trav\u00e9s de las autoridades locales.<\/p>\n\n\n\n<p>El presidente Luiz In\u00e1cio Lula da Silva expres\u00f3 su solidaridad con las v\u00edctimas en redes sociales: &#8220;Nuestro foco es garantizar la asistencia humanitaria, el restablecimiento de los servicios b\u00e1sicos, el apoyo a las personas desplazadas y la ayuda para la reconstrucci\u00f3n&#8221;.<\/p>\n\n\n\n<p>Las autoridades locales decretaron estado de calamidad p\u00fablica en los municipios afectados, mientras contin\u00faan las labores de b\u00fasqueda y rescate con el apoyo de perros adiestrados y equipos especializados. Febrero ha sido el mes m\u00e1s lluvioso en la historia de Juiz de Fora, con precipitaciones que duplican el promedio hist\u00f3rico.<br>&#8212; NNN-AVN<\/p>\n","protected":false},"excerpt":{"rendered":"<p>CARACAS, 26 feb (NNN-AVN) &#8212; Las autoridades de Brasil reportaron 30 fallecidos y 39 desaparecidos en Minas Gerais debido a las lluvias registradas en el estado, que causaron inundaciones y deslizamientos de tierra en Juiz de Fora y Ub\u00e1. Alrededor de 440 personas quedaron sin hogar, mientras que los equipos de emergencia localizaron a 13 [&hellip;]<\/p>\n","protected":false},"author":2,"featured_media":146489,"comment_status":"closed","ping_status":"closed","sticky":false,"template":"","format":"standard","meta":[],"categories":[215,211,202],"tags":[],"_links":{"self":[{"href":"http:\/\/www.namnewsnetwork.org\/es\/index.php?rest_route=\/wp\/v2\/posts\/146443"}],"collection":[{"href":"http:\/\/www.namnewsnetwork.org\/es\/index.php?rest_route=\/wp\/v2\/posts"}],"about":[{"href":"http:\/\/www.namnewsnetwork.org\/es\/index.php?rest_route=\/wp\/v2\/types\/post"}],"author":[{"embeddable":true,"href":"http:\/\/www.namnewsnetwork.org\/es\/index.php?rest_route=\/wp\/v2\/users\/2"}],"replies":[{"embeddable":true,"href":"http:\/\/www.namnewsnetwork.org\/es\/index.php?rest_route=%2Fwp%2Fv2%2Fcomments&post=146443"}],"version-history":[{"count":2,"href":"http:\/\/www.namnewsnetwork.org\/es\/index.php?rest_route=\/wp\/v2\/posts\/146443\/revisions"}],"predecessor-version":[{"id":146490,"href":"http:\/\/www.namnewsnetwork.org\/es\/index.php?rest_route=\/wp\/v2\/posts\/146443\/revisions\/146490"}],"wp:featuredmedia":[{"embeddable":true,"href":"http:\/\/www.namnewsnetwork.org\/es\/index.php?rest_route=\/wp\/v2\/media\/146489"}],"wp:attachment":[{"href":"http:\/\/www.namnewsnetwork.org\/es\/index.php?rest_route=%2Fwp%2Fv2%2Fmedia&parent=146443"}],"wp:term":[{"taxonomy":"category","embeddable":true,"href":"http:\/\/www.namnewsnetwork.org\/es\/index.php?rest_route=%2Fwp%2Fv2%2Fcategories&post=146443"},{"taxonomy":"post_tag","embeddable":true,"href":"http:\/\/www.namnewsnetwork.org\/es\/index.php?rest_route=%2Fwp%2Fv2%2Ftags&post=146443"}],"curies":[{"name":"wp","href":"https:\/\/api.w.org\/{rel}","templated":true}]}}