{"id":146298,"date":"2026-02-24T12:18:43","date_gmt":"2026-02-24T04:18:43","guid":{"rendered":"http:\/\/www.namnewsnetwork.org\/es\/?p=146298"},"modified":"2026-02-24T12:18:46","modified_gmt":"2026-02-24T04:18:46","slug":"ecuador-ataque-armado-deja-siete-muertos-en-manabi","status":"publish","type":"post","link":"http:\/\/www.namnewsnetwork.org\/es\/?p=146298","title":{"rendered":"Ecuador: ataque armado deja siete muertos en Manab\u00ed"},"content":{"rendered":"\n<p>QUITO, 24 feb (NNN-TELESUR) &#8212; Al menos siete personas fueron asesinadas la madrugada del lunes tras un ataque armado registrado en el municipio de Jama, provincia de Manab\u00ed, seg\u00fan informaron fuentes policiales y medios locales. El hecho ocurri\u00f3 en el sector Camarones, hasta donde se traslada-ron unidades de la Polic\u00eda Nacional para iniciar las investigaciones pertinentes.<\/p>\n\n\n\n<p>De acuerdo con el reporte policial, las v\u00edctimas con edades comprendidas entre los 16 y 56 a\u00f1os fue-ron halladas en el patio de una hacienda. Los informes preliminares indican que el ataque fue perpe-trado por al menos 10 personas vestidas con uniformes de tipo militar, quienes portaban fusiles y pis-tolas. Los sospechosos habr\u00edan llegado al sitio por v\u00eda mar\u00edtima en lanchas.<\/p>\n\n\n\n<p>Una vez en la propiedad, los atacantes ingresaron a las habitaciones para trasladar a las v\u00edctimas hacia el exterior, donde abrieron fuego tras realizar interrogatorios sobre el paradero de sustancias il\u00edcitas, armas y dinero. Posteriormente, los autores del crimen escaparon nuevamente por el mar.<\/p>\n\n\n\n<p>Este suceso representa la s\u00e9ptima masacre en la provincia de Manab\u00ed en lo que va de 2026, una zona actualmente bajo estado de excepci\u00f3n. Adem\u00e1s de este ataque, se registraron dos muertes por sicaria-to en la v\u00eda a Canoa y un incidente armado en el sector Barraganete del municipio Pichincha que dej\u00f3 tres fallecidos adicionales, elevando la cifra total de muertes violentas en la provincia a 12 personas en tan solo unas horas.<\/p>\n\n\n\n<p>Ecuador mantiene desde el a\u00f1o 2024 la declaratoria de &#8220;conflicto armado interno&#8221;, medida adoptada por el presidente Daniel Noboa para enfrentar a grupos de delincuencia organizada calificados por el Ejecutivo como terroristas. La provincia de Manab\u00ed se ha consolidado como uno de los puntos m\u00e1s cr\u00ed-ticos del pa\u00eds por su ubicaci\u00f3n estrat\u00e9gica en el perfil costero, con extensas zonas de dif\u00edcil acceso y salidas directas al Oc\u00e9ano Pac\u00edfico, lo que la ha convertido en una ruta codiciada para el tr\u00e1fico de es-tupefacientes hacia mercados internacionales.<\/p>\n\n\n\n<p>Pese a que Manab\u00ed y otras provincias costeras acumulan m\u00e1s de 550 d\u00edas bajo estados de excepci\u00f3n, la violencia no ha retrocedido. El a\u00f1o 2025 cerr\u00f3 como el m\u00e1s sangriento en la historia moderna de Ecuador, con una cifra que super\u00f3 los 9.300 homicidios intencionales. En los primeros dos meses de 2026, la tendencia se mantiene al alza, con una atomizaci\u00f3n de las bandas criminales que se han frag-mentado en grupos m\u00e1s violentos que disputan el control territorial.<br>&#8212; NNN-TELESUR<\/p>\n","protected":false},"excerpt":{"rendered":"<p>QUITO, 24 feb (NNN-TELESUR) &#8212; Al menos siete personas fueron asesinadas la madrugada del lunes tras un ataque armado registrado en el municipio de Jama, provincia de Manab\u00ed, seg\u00fan informaron fuentes policiales y medios locales. El hecho ocurri\u00f3 en el sector Camarones, hasta donde se traslada-ron unidades de la Polic\u00eda Nacional para iniciar las investigaciones [&hellip;]<\/p>\n","protected":false},"author":2,"featured_media":0,"comment_status":"closed","ping_status":"closed","sticky":false,"template":"","format":"standard","meta":[],"categories":[215,211],"tags":[],"_links":{"self":[{"href":"http:\/\/www.namnewsnetwork.org\/es\/index.php?rest_route=\/wp\/v2\/posts\/146298"}],"collection":[{"href":"http:\/\/www.namnewsnetwork.org\/es\/index.php?rest_route=\/wp\/v2\/posts"}],"about":[{"href":"http:\/\/www.namnewsnetwork.org\/es\/index.php?rest_route=\/wp\/v2\/types\/post"}],"author":[{"embeddable":true,"href":"http:\/\/www.namnewsnetwork.org\/es\/index.php?rest_route=\/wp\/v2\/users\/2"}],"replies":[{"embeddable":true,"href":"http:\/\/www.namnewsnetwork.org\/es\/index.php?rest_route=%2Fwp%2Fv2%2Fcomments&post=146298"}],"version-history":[{"count":1,"href":"http:\/\/www.namnewsnetwork.org\/es\/index.php?rest_route=\/wp\/v2\/posts\/146298\/revisions"}],"predecessor-version":[{"id":146299,"href":"http:\/\/www.namnewsnetwork.org\/es\/index.php?rest_route=\/wp\/v2\/posts\/146298\/revisions\/146299"}],"wp:attachment":[{"href":"http:\/\/www.namnewsnetwork.org\/es\/index.php?rest_route=%2Fwp%2Fv2%2Fmedia&parent=146298"}],"wp:term":[{"taxonomy":"category","embeddable":true,"href":"http:\/\/www.namnewsnetwork.org\/es\/index.php?rest_route=%2Fwp%2Fv2%2Fcategories&post=146298"},{"taxonomy":"post_tag","embeddable":true,"href":"http:\/\/www.namnewsnetwork.org\/es\/index.php?rest_route=%2Fwp%2Fv2%2Ftags&post=146298"}],"curies":[{"name":"wp","href":"https:\/\/api.w.org\/{rel}","templated":true}]}}