{"id":146258,"date":"2026-02-24T12:18:00","date_gmt":"2026-02-24T04:18:00","guid":{"rendered":"http:\/\/www.namnewsnetwork.org\/es\/?p=146258"},"modified":"2026-02-24T11:53:20","modified_gmt":"2026-02-24T03:53:20","slug":"peru-lluvias-intensas-dejan-tres-muertos-y-miles-de-afectados-en-arequipa-y-piura","status":"publish","type":"post","link":"http:\/\/www.namnewsnetwork.org\/es\/?p=146258","title":{"rendered":"Per\u00fa: lluvias intensas dejan tres muertos y miles de afectados en Arequipa y Piura"},"content":{"rendered":"\n<p>LIMA, 24 feb (NNN-TELESUR) &#8212; La costa y sierra del Per\u00fa sufren graves da\u00f1os por las lluvias que afec-tan varias regiones del pa\u00eds, especialmente Arequipa y Piura. Solo la semana pasada se registraron tres fallecidos: dos en Arequipa y uno en Piura, seg\u00fan reportes oficiales.<\/p>\n\n\n\n<div class=\"wp-block-image\"><figure class=\"alignleft size-full is-resized\"><img loading=\"lazy\" src=\"http:\/\/www.namnewsnetwork.org\/es\/wp-content\/uploads\/2026\/02\/Peru-lluvias-intensas-dejan-tres-muertos-y-miles-de-afectados-en-Arequipa-y-Piura.webp\" alt=\"\" class=\"wp-image-146287\" width=\"393\" height=\"221\" srcset=\"http:\/\/www.namnewsnetwork.org\/es\/wp-content\/uploads\/2026\/02\/Peru-lluvias-intensas-dejan-tres-muertos-y-miles-de-afectados-en-Arequipa-y-Piura.webp 768w, http:\/\/www.namnewsnetwork.org\/es\/wp-content\/uploads\/2026\/02\/Peru-lluvias-intensas-dejan-tres-muertos-y-miles-de-afectados-en-Arequipa-y-Piura-300x169.webp 300w\" sizes=\"(max-width: 393px) 100vw, 393px\" \/><figcaption><em><sup>Foto: COEN-Indeci<\/sup><\/em><\/figcaption><\/figure><\/div>\n\n\n\n<p>El gobernador de Arequipa, Rohel S\u00e1nchez, calific\u00f3 la situaci\u00f3n en su regi\u00f3n como &#8220;muy delicada&#8221; y advirti\u00f3 que la provincia est\u00e1 al borde de una cat\u00e1strofe. &#8220;Tenemos afectaciones muy serias y severas. Seg\u00fan el \u00faltimo reporte, en la provincia hay 4.231 personas afectadas y 89 damnificados. En cuanto a viviendas, 1.229 est\u00e1n afectadas y 44 inhabitables. Las v\u00edas de transporte afectadas suman 125,23 km&#8221;, inform\u00f3.<\/p>\n\n\n\n<p>Entre los fallecidos se encuentra Mois\u00e9s Salom\u00f3n Gamio Manchego, de 42 a\u00f1os, quien muri\u00f3 tras reci-bir la descarga de un rayo en el distrito de Uchumayo. Otra v\u00edctima, de unos 70 a\u00f1os, perdi\u00f3 la vida al ser arrastrada por un deslave de lodo en el distrito de Cayma. Las autoridades a\u00fan no han podido con-firmar su identidad.<\/p>\n\n\n\n<p>Hasta ahora, 16 distritos de la provincia de Arequipa han sido declarados en emergencia, y se ha solici-tado la ampliaci\u00f3n de la medida a trece distritos adicionales. S\u00e1nchez dio a conocer que otras provin-cias tambi\u00e9n presentan da\u00f1os: 200 personas afectadas en Caman\u00e1, 347 en Caravel\u00ed, 630 en Castilla y 99 en Caylloma. &#8220;Por eso solicitamos al Ejecutivo la declaratoria de emergencia para toda la regi\u00f3n&#8221;, a\u00f1adi\u00f3.<\/p>\n\n\n\n<p>El gobernador responsabiliz\u00f3 adem\u00e1s a los ciudadanos que han invadido las torrenteras y a las munici-palidades que les permitieron hacerlo, argumentando que estas acciones han obstaculizado el drenaje natural del agua. Para atender la emergencia, solicit\u00f3 al Gobierno el env\u00edo inmediato de maquinaria de los ministerios de Transportes, Agricultura y Vivienda para acelerar la limpieza y rehabilitaci\u00f3n de las v\u00edas.<\/p>\n\n\n\n<p>En Piura, la situaci\u00f3n tampoco es menos cr\u00edtica. El Centro de Operaciones de Emergencia Regional in-form\u00f3 que 1.290 personas han sido declaradas damnificadas y 10.112 resultaron afectadas. Adem\u00e1s, 42 viviendas han sido destruidas, 4.372 presentan da\u00f1os y 517 fueron declaradas inhabitables.<\/p>\n\n\n\n<p>El Servicio Nacional de Meteorolog\u00eda e Hidrolog\u00eda inform\u00f3 que entre el domingo 22 y el lunes 23 de febrero las precipitaciones en la sierra se mantendr\u00e1n de moderadas a intensas. Se espera la ca\u00edda de granizo en zonas por encima de los 2.800 metros sobre el nivel del mar y nevadas en localidades que superen los 3.800 metros, acompa\u00f1adas de tormentas el\u00e9ctricas y r\u00e1fagas de viento que podr\u00edan al-canzar los 35 km\/h.<br>&#8212; NNN-TELESUR<\/p>\n","protected":false},"excerpt":{"rendered":"<p>LIMA, 24 feb (NNN-TELESUR) &#8212; La costa y sierra del Per\u00fa sufren graves da\u00f1os por las lluvias que afec-tan varias regiones del pa\u00eds, especialmente Arequipa y Piura. Solo la semana pasada se registraron tres fallecidos: dos en Arequipa y uno en Piura, seg\u00fan reportes oficiales. El gobernador de Arequipa, Rohel S\u00e1nchez, calific\u00f3 la situaci\u00f3n en [&hellip;]<\/p>\n","protected":false},"author":2,"featured_media":146288,"comment_status":"closed","ping_status":"closed","sticky":false,"template":"","format":"standard","meta":[],"categories":[215,211,273],"tags":[],"_links":{"self":[{"href":"http:\/\/www.namnewsnetwork.org\/es\/index.php?rest_route=\/wp\/v2\/posts\/146258"}],"collection":[{"href":"http:\/\/www.namnewsnetwork.org\/es\/index.php?rest_route=\/wp\/v2\/posts"}],"about":[{"href":"http:\/\/www.namnewsnetwork.org\/es\/index.php?rest_route=\/wp\/v2\/types\/post"}],"author":[{"embeddable":true,"href":"http:\/\/www.namnewsnetwork.org\/es\/index.php?rest_route=\/wp\/v2\/users\/2"}],"replies":[{"embeddable":true,"href":"http:\/\/www.namnewsnetwork.org\/es\/index.php?rest_route=%2Fwp%2Fv2%2Fcomments&post=146258"}],"version-history":[{"count":2,"href":"http:\/\/www.namnewsnetwork.org\/es\/index.php?rest_route=\/wp\/v2\/posts\/146258\/revisions"}],"predecessor-version":[{"id":146289,"href":"http:\/\/www.namnewsnetwork.org\/es\/index.php?rest_route=\/wp\/v2\/posts\/146258\/revisions\/146289"}],"wp:featuredmedia":[{"embeddable":true,"href":"http:\/\/www.namnewsnetwork.org\/es\/index.php?rest_route=\/wp\/v2\/media\/146288"}],"wp:attachment":[{"href":"http:\/\/www.namnewsnetwork.org\/es\/index.php?rest_route=%2Fwp%2Fv2%2Fmedia&parent=146258"}],"wp:term":[{"taxonomy":"category","embeddable":true,"href":"http:\/\/www.namnewsnetwork.org\/es\/index.php?rest_route=%2Fwp%2Fv2%2Fcategories&post=146258"},{"taxonomy":"post_tag","embeddable":true,"href":"http:\/\/www.namnewsnetwork.org\/es\/index.php?rest_route=%2Fwp%2Fv2%2Ftags&post=146258"}],"curies":[{"name":"wp","href":"https:\/\/api.w.org\/{rel}","templated":true}]}}