{"id":146253,"date":"2026-02-24T11:47:12","date_gmt":"2026-02-24T03:47:12","guid":{"rendered":"http:\/\/www.namnewsnetwork.org\/es\/?p=146253"},"modified":"2026-02-24T11:47:18","modified_gmt":"2026-02-24T03:47:18","slug":"mexico-despliega-10000-militares-tras-ola-de-violencia-por-muerte-de-el-mencho","status":"publish","type":"post","link":"http:\/\/www.namnewsnetwork.org\/es\/?p=146253","title":{"rendered":"M\u00e9xico despliega 10,000 militares tras ola de violencia por muerte de &#8216;El Mencho&#8217;"},"content":{"rendered":"\n<p>GUADALAJARA, 24 feb (NNN-ANDINA) &#8212; M\u00e9xico despleg\u00f3 el lunes 10,000 militares para proteger a la poblaci\u00f3n tras una ola de violencia generada por la muerte de su mayor capo narco en un operativo militar que dej\u00f3 casi 75 muertos.<\/p>\n\n\n\n<div class=\"wp-block-image\"><figure class=\"aligncenter size-large\"><img loading=\"lazy\" width=\"1024\" height=\"640\" src=\"http:\/\/www.namnewsnetwork.org\/es\/wp-content\/uploads\/2026\/02\/2026-02-24T030015Z_1595272449_RC2WRJAD7YDF_RTRMADP_3_MEXICO-VIOLENCE-MENCHO-1024x640.jpg\" alt=\"\" class=\"wp-image-146280\" srcset=\"http:\/\/www.namnewsnetwork.org\/es\/wp-content\/uploads\/2026\/02\/2026-02-24T030015Z_1595272449_RC2WRJAD7YDF_RTRMADP_3_MEXICO-VIOLENCE-MENCHO-1024x640.jpg 1024w, http:\/\/www.namnewsnetwork.org\/es\/wp-content\/uploads\/2026\/02\/2026-02-24T030015Z_1595272449_RC2WRJAD7YDF_RTRMADP_3_MEXICO-VIOLENCE-MENCHO-300x188.jpg 300w, http:\/\/www.namnewsnetwork.org\/es\/wp-content\/uploads\/2026\/02\/2026-02-24T030015Z_1595272449_RC2WRJAD7YDF_RTRMADP_3_MEXICO-VIOLENCE-MENCHO-768x480.jpg 768w, http:\/\/www.namnewsnetwork.org\/es\/wp-content\/uploads\/2026\/02\/2026-02-24T030015Z_1595272449_RC2WRJAD7YDF_RTRMADP_3_MEXICO-VIOLENCE-MENCHO.jpg 1110w\" sizes=\"(max-width: 1024px) 100vw, 1024px\" \/><figcaption><em><sup>Turistas caminan junto a una tienda incendiada despu\u00e9s de una serie de bloqueos y ataques del crimen organizado tras un operativo militar en el que fue asesinado el jefe del c\u00e1rtel Nemesio Oseguera, &#8216;El Mencho&#8217;, en el estado de Jalisco, en Puerto Vallarta, M\u00e9xico, el 23 de febrero de 2026. (Foto: REUTERS\/Alfonso Lepe)<\/sup><\/em><\/figcaption><\/figure><\/div>\n\n\n\n<p>Los soldados fueron desplegados principalmente en Jalisco, estado del oeste de M\u00e9xico donde, el do-mingo, agentes de seguridad capturaron a Nemesio Oseguera, alias &#8220;El Mencho&#8221;, l\u00edder del Cartel Jalisco Nueva Generaci\u00f3n (CJNG), con ayuda de informaci\u00f3n de inteligencia de Estados Unidos. <\/p>\n\n\n\n<p>La operaci\u00f3n result\u00f3 en la muerte del narco mexicano m\u00e1s buscado de los \u00faltimos tiempos, por quien Washington ofrec\u00eda 15 millones de d\u00f3lares. Oseguera, de 59 a\u00f1os, result\u00f3 herido en el choque con militares en la localidad de Tapalpa y muri\u00f3 durante su traslado v\u00eda a\u00e9rea a un hospital.<\/p>\n\n\n\n<p>Esto desat\u00f3 una violenta respuesta del cartel, que el domingo bloque\u00f3 rutas, quem\u00f3 veh\u00edculos, atac\u00f3 gasolineras, comercios y bancos y enfrent\u00f3 a las autoridades en 20 de los 32 estados del pa\u00eds, incluido el estado de M\u00e9xico. Durante la operaci\u00f3n militar y los enfrentamientos posteriores, murieron al me-nos 27 agentes de seguridad, 46 presuntos criminales y una civil, informaron las autoridades.<\/p>\n\n\n\n<p>La presidenta Claudia Sheinbaum asegur\u00f3 el lunes que la prioridad de su gobierno es &#8220;proteger a toda la poblaci\u00f3n&#8221;. El pa\u00eds ya &#8220;est\u00e1 en paz, est\u00e1 en calma&#8221; y no quedan retenes criminales en las carreteras, afirm\u00f3. Periodistas de AFP comprobaron sin embargo que hab\u00eda todav\u00eda algunos cerca de Guadalajara y en torno a la zona donde ocurri\u00f3 la captura.<\/p>\n\n\n\n<p>Muchos mexicanos expresaron su temor pese a las palabras de Sheinbaum. &#8220;Est\u00e1 tranquilo, pero pues no (\u2026) no quiero salir todav\u00eda&#8221;, dijo a AFP Seraf\u00edn Hern\u00e1ndez, un camionero de Morelia. &#8220;Tenemos miedo, yo creo que toda la sociedad tiene miedo&#8221;, agreg\u00f3 \u00c1ngel Gonz\u00e1lez, un taxista de 45 a\u00f1os.<\/p>\n\n\n\n<p>En Guadalajara, segunda ciudad del pa\u00eds, las calles estaban semivac\u00edas y la mayor\u00eda de los comercios cerrados el lunes. Ante los pocos comercios abiertos se formaban largas colas de personas angustiadas por una posible falta de alimentos. Guadalajara es una de las tres sedes mexicanas del pr\u00f3ximo Mun-dial de f\u00fatbol y debe acoger cuatro partidos en junio.<\/p>\n\n\n\n<p>Una de las parejas sentimentales de Oseguera fue clave para localizar al capo en Tapalpa, explic\u00f3 el secretario de Defensa Nacional, Ricardo Trevilla. Gracias a la ayuda de inteligencia de Estados Unidos, las autoridades la siguieron y lograron ubicar el paradero del narco. El asalto corri\u00f3 exclusivamente a cargo de militares mexicanos, sin participaci\u00f3n directa de fuerzas estadounidenses, recalc\u00f3 Shein-baum.<\/p>\n\n\n\n<p>La muerte del l\u00edder de una de las organizaciones criminales m\u00e1s poderosas del mundo genera ahora temor ante una posible guerra intestina por su sucesi\u00f3n. Oseguera &#8220;no ten\u00eda claros sucesores, podr\u00eda-mos ver un escenario tipo Colombia&#8221; donde &#8220;se crean bandas criminales locales&#8221;, explica Gerardo Ro-dr\u00edguez, experto en seguridad nacional.<br>&#8212; NNN-ANDINA<\/p>\n","protected":false},"excerpt":{"rendered":"<p>GUADALAJARA, 24 feb (NNN-ANDINA) &#8212; M\u00e9xico despleg\u00f3 el lunes 10,000 militares para proteger a la poblaci\u00f3n tras una ola de violencia generada por la muerte de su mayor capo narco en un operativo militar que dej\u00f3 casi 75 muertos. Los soldados fueron desplegados principalmente en Jalisco, estado del oeste de M\u00e9xico donde, el do-mingo, agentes [&hellip;]<\/p>\n","protected":false},"author":2,"featured_media":146280,"comment_status":"closed","ping_status":"closed","sticky":false,"template":"","format":"standard","meta":[],"categories":[215,211,272],"tags":[],"_links":{"self":[{"href":"http:\/\/www.namnewsnetwork.org\/es\/index.php?rest_route=\/wp\/v2\/posts\/146253"}],"collection":[{"href":"http:\/\/www.namnewsnetwork.org\/es\/index.php?rest_route=\/wp\/v2\/posts"}],"about":[{"href":"http:\/\/www.namnewsnetwork.org\/es\/index.php?rest_route=\/wp\/v2\/types\/post"}],"author":[{"embeddable":true,"href":"http:\/\/www.namnewsnetwork.org\/es\/index.php?rest_route=\/wp\/v2\/users\/2"}],"replies":[{"embeddable":true,"href":"http:\/\/www.namnewsnetwork.org\/es\/index.php?rest_route=%2Fwp%2Fv2%2Fcomments&post=146253"}],"version-history":[{"count":3,"href":"http:\/\/www.namnewsnetwork.org\/es\/index.php?rest_route=\/wp\/v2\/posts\/146253\/revisions"}],"predecessor-version":[{"id":146283,"href":"http:\/\/www.namnewsnetwork.org\/es\/index.php?rest_route=\/wp\/v2\/posts\/146253\/revisions\/146283"}],"wp:featuredmedia":[{"embeddable":true,"href":"http:\/\/www.namnewsnetwork.org\/es\/index.php?rest_route=\/wp\/v2\/media\/146280"}],"wp:attachment":[{"href":"http:\/\/www.namnewsnetwork.org\/es\/index.php?rest_route=%2Fwp%2Fv2%2Fmedia&parent=146253"}],"wp:term":[{"taxonomy":"category","embeddable":true,"href":"http:\/\/www.namnewsnetwork.org\/es\/index.php?rest_route=%2Fwp%2Fv2%2Fcategories&post=146253"},{"taxonomy":"post_tag","embeddable":true,"href":"http:\/\/www.namnewsnetwork.org\/es\/index.php?rest_route=%2Fwp%2Fv2%2Ftags&post=146253"}],"curies":[{"name":"wp","href":"https:\/\/api.w.org\/{rel}","templated":true}]}}