{"id":146195,"date":"2026-02-23T10:10:00","date_gmt":"2026-02-23T02:10:00","guid":{"rendered":"http:\/\/www.namnewsnetwork.org\/es\/?p=146195"},"modified":"2026-02-23T10:10:26","modified_gmt":"2026-02-23T02:10:26","slug":"ataque-huti-en-provincia-yemeni-de-hodeidah-deja-6-muertos","status":"publish","type":"post","link":"http:\/\/www.namnewsnetwork.org\/es\/?p=146195","title":{"rendered":"Gobierno de M\u00e9xico anuncia que fue abatido el l\u00edder del cartel de Jalisco Nueva Generaci\u00f3n"},"content":{"rendered":"\n<p>CIUDAD DE M\u00c9XICO, 23 feb (NNN-AVN) &#8212; El Gabinete de Seguridad del Gobierno de M\u00e9xico inform\u00f3 que tras un operativo t\u00e1ctico emprendido fue abatido Nemesio Oseguera Cervantes, alias &#8220;El Mencho&#8221;, l\u00edder del C\u00e1rtel Jalisco Nueva Generaci\u00f3n (CJNG). Actualmente las autoridades se encuentran atendiendo de manera prioritaria una serie de bloqueos y disturbios registrados en el estado de Jalisco y otras entidades del pa\u00eds.<\/p>\n\n\n\n<div class=\"wp-block-image\"><figure class=\"aligncenter size-large\"><img loading=\"lazy\" width=\"1024\" height=\"640\" src=\"http:\/\/www.namnewsnetwork.org\/es\/wp-content\/uploads\/2026\/02\/2026-02-23T015517Z_1351640708_RC2BRJAZZLWD_RTRMADP_3_MEXICO-VIOLENCE-MENCHO-1024x640.jpg\" alt=\"\" class=\"wp-image-146221\" srcset=\"http:\/\/www.namnewsnetwork.org\/es\/wp-content\/uploads\/2026\/02\/2026-02-23T015517Z_1351640708_RC2BRJAZZLWD_RTRMADP_3_MEXICO-VIOLENCE-MENCHO-1024x640.jpg 1024w, http:\/\/www.namnewsnetwork.org\/es\/wp-content\/uploads\/2026\/02\/2026-02-23T015517Z_1351640708_RC2BRJAZZLWD_RTRMADP_3_MEXICO-VIOLENCE-MENCHO-300x188.jpg 300w, http:\/\/www.namnewsnetwork.org\/es\/wp-content\/uploads\/2026\/02\/2026-02-23T015517Z_1351640708_RC2BRJAZZLWD_RTRMADP_3_MEXICO-VIOLENCE-MENCHO-768x480.jpg 768w, http:\/\/www.namnewsnetwork.org\/es\/wp-content\/uploads\/2026\/02\/2026-02-23T015517Z_1351640708_RC2BRJAZZLWD_RTRMADP_3_MEXICO-VIOLENCE-MENCHO.jpg 1110w\" sizes=\"(max-width: 1024px) 100vw, 1024px\" \/><figcaption><em><sup>Soldados mexicanos patrullan en veh\u00edculos blindados, luego de que las autoridades reforzaran la seguridad tras los bloqueos y ataques incendiarios perpetrados por el crimen organizado en varios estados, tras un operativo militar en el que, seg\u00fan una fuente gubernamental, el narcotraficante mexicano Nemesio Oseguera, conocido como &#8220;El Mencho&#8221;, fue asesinado en el estado de Jalisco, en Acapulco, M\u00e9xico, el 22 de febrero de 2026. (Foto: REUTERS\/Henry Romero)<\/sup><\/em><\/figcaption><\/figure><\/div>\n\n\n\n<p>La noticia fue confirmada a trav\u00e9s de un comunicado emitido por la Secretar\u00eda de la Defensa Nacional (Sedena), en el que detall\u00f3 que durante el operativo el personal militar fue atacado, por lo que en defensa de su integridad repelieron la agresi\u00f3n, resultando cuatro integrantes del grupo delictivo abatidos. El operativo tuvo lugar en el municipio de Talpa de Allende, Jalisco, donde fuerzas especiales del Ej\u00e9rcito Mexicano localizaron al capo, quien intent\u00f3 huir escoltado por sus sicarios y fue abatido en el enfrentamiento .<\/p>\n\n\n\n<p>Tras los operativos realizados en la regi\u00f3n occidente, se han reportado cierres viales y disturbios en puntos estrat\u00e9gicos de Guadalajara y Puerto Vallarta, as\u00ed como en estados vecinos. Medios locales reportaron que en Jalisco se registraron al menos 21 bloqueos carreteros activos, adem\u00e1s de incidentes en Michoac\u00e1n, Colima, Guanajuato, Aguascalientes, Nayarit y Tamaulipas . En ese sentido, el Gabinete de Seguridad confirm\u00f3, a trav\u00e9s de sus canales oficiales, que ya se trabaja en el restablecimiento del orden y la liberaci\u00f3n de las v\u00edas afectadas.<\/p>\n\n\n\n<p>A pesar de que la mayor concentraci\u00f3n de incidentes es en Jalisco, las autoridades mantienen un monitoreo constante ante reportes de cierres en otros puntos del pa\u00eds, incluyendo Colima, Nayarit, Tamaulipas, Guanajuato y Aguascalientes. En Baja California se report\u00f3 la quema de un taxi y un tractocami\u00f3n en diferentes puntos de la entidad, lo que oblig\u00f3 a la intervenci\u00f3n de bomberos .<\/p>\n\n\n\n<p>En el estado de Oaxaca, espec\u00edficamente en la zona de Juchit\u00e1n, las autoridades locales han emitido una alerta roja, exhortando a la poblaci\u00f3n a permanecer en sus hogares y extremar precauciones. En dicha regi\u00f3n se ha confirmado un despliegue masivo de elementos del Ej\u00e9rcito Mexicano para garantizar la seguridad ciudadana.<\/p>\n\n\n\n<p>&#8220;El Mencho&#8221;, de 59 a\u00f1os y originario de Michoac\u00e1n, era considerado el narcotraficante m\u00e1s poderoso de M\u00e9xico tras la captura de Joaqu\u00edn &#8220;El Chapo&#8221; Guzm\u00e1n . El gobierno de Estados Unidos ofrec\u00eda una recompensa de 15 millones de d\u00f3lares por informaci\u00f3n que llevara a su captura . El CJNG, fundado hacia 2007, tiene presencia en al menos 21 estados mexicanos y opera en m\u00e1s de cien pa\u00edses .<\/p>\n\n\n\n<p>Las autoridades federales mantienen operativos de seguridad y contin\u00faan atendiendo los incidentes registrados en distintas regiones con el objetivo de garantizar la seguridad de la poblaci\u00f3n y restablecer el orden en las zonas afectadas .<br>&#8212; NNN-AVN<\/p>\n","protected":false},"excerpt":{"rendered":"<p>CIUDAD DE M\u00c9XICO, 23 feb (NNN-AVN) &#8212; El Gabinete de Seguridad del Gobierno de M\u00e9xico inform\u00f3 que tras un operativo t\u00e1ctico emprendido fue abatido Nemesio Oseguera Cervantes, alias &#8220;El Mencho&#8221;, l\u00edder del C\u00e1rtel Jalisco Nueva Generaci\u00f3n (CJNG). Actualmente las autoridades se encuentran atendiendo de manera prioritaria una serie de bloqueos y disturbios registrados en el [&hellip;]<\/p>\n","protected":false},"author":2,"featured_media":146221,"comment_status":"closed","ping_status":"closed","sticky":false,"template":"","format":"standard","meta":[],"categories":[215,211,202],"tags":[],"_links":{"self":[{"href":"http:\/\/www.namnewsnetwork.org\/es\/index.php?rest_route=\/wp\/v2\/posts\/146195"}],"collection":[{"href":"http:\/\/www.namnewsnetwork.org\/es\/index.php?rest_route=\/wp\/v2\/posts"}],"about":[{"href":"http:\/\/www.namnewsnetwork.org\/es\/index.php?rest_route=\/wp\/v2\/types\/post"}],"author":[{"embeddable":true,"href":"http:\/\/www.namnewsnetwork.org\/es\/index.php?rest_route=\/wp\/v2\/users\/2"}],"replies":[{"embeddable":true,"href":"http:\/\/www.namnewsnetwork.org\/es\/index.php?rest_route=%2Fwp%2Fv2%2Fcomments&post=146195"}],"version-history":[{"count":10,"href":"http:\/\/www.namnewsnetwork.org\/es\/index.php?rest_route=\/wp\/v2\/posts\/146195\/revisions"}],"predecessor-version":[{"id":146225,"href":"http:\/\/www.namnewsnetwork.org\/es\/index.php?rest_route=\/wp\/v2\/posts\/146195\/revisions\/146225"}],"wp:featuredmedia":[{"embeddable":true,"href":"http:\/\/www.namnewsnetwork.org\/es\/index.php?rest_route=\/wp\/v2\/media\/146221"}],"wp:attachment":[{"href":"http:\/\/www.namnewsnetwork.org\/es\/index.php?rest_route=%2Fwp%2Fv2%2Fmedia&parent=146195"}],"wp:term":[{"taxonomy":"category","embeddable":true,"href":"http:\/\/www.namnewsnetwork.org\/es\/index.php?rest_route=%2Fwp%2Fv2%2Fcategories&post=146195"},{"taxonomy":"post_tag","embeddable":true,"href":"http:\/\/www.namnewsnetwork.org\/es\/index.php?rest_route=%2Fwp%2Fv2%2Ftags&post=146195"}],"curies":[{"name":"wp","href":"https:\/\/api.w.org\/{rel}","templated":true}]}}