{"id":146052,"date":"2026-02-22T01:26:22","date_gmt":"2026-02-21T17:26:22","guid":{"rendered":"http:\/\/www.namnewsnetwork.org\/es\/?p=146052"},"modified":"2026-02-22T01:26:28","modified_gmt":"2026-02-21T17:26:28","slug":"pobreza-de-america-latina-afecta-al-274-por-ciento-de-la-poblacion","status":"publish","type":"post","link":"http:\/\/www.namnewsnetwork.org\/es\/?p=146052","title":{"rendered":"Pobreza de Am\u00e9rica Latina afecta al 27,4 por ciento de la poblaci\u00f3n"},"content":{"rendered":"\n<p>SANTIAGO DE CHILE, 22 feb (NNN-PRENSA LATINA) &#8212; El informe anual de la Comisi\u00f3n Econ\u00f3mica para Am\u00e9rica Latina y el Caribe (Cepal) muestra que la pobreza multidimensional del \u00e1rea afecta al 27,4 por ciento de la poblaci\u00f3n, con amplia dispersi\u00f3n entre los pa\u00edses.<\/p>\n\n\n\n<p>El Anuario Estad\u00edstico de Am\u00e9rica Latina y el Caribe 2025 presenta un panorama sobre el desarrollo sociodemogr\u00e1fico, econ\u00f3mico y ambiental de las naciones de la regi\u00f3n. Mientras Guatemala y El Salvador registran las situaciones m\u00e1s cr\u00edticas, con incidencias superiores al 50 por ciento, Chile, Uruguay y Costa Rica las presentan inferiores al 6,0 por ciento.<\/p>\n\n\n\n<p>Las desigualdades de g\u00e9nero manifiestan que las mujeres entre 20 y 59 a\u00f1os enfrentan mayores niveles de pobreza que los hombres del mismo grupo etario. En 2024, las mujeres de esas edades en zonas urbanas presentaban una tasa de pobreza 1,28 veces mayor a la de los hombres.<\/p>\n\n\n\n<p>La actividad econ\u00f3mica de la zona contin\u00faa con crecimiento moderado, que en 2025 se ubic\u00f3 en 2,4 por ciento, con desempe\u00f1os diferenciados entre subregiones. Am\u00e9rica del Sur mantuvo un crecimiento de 2,9 por ciento, mientras que Centroam\u00e9rica y M\u00e9xico muestran 1,0 por ciento.<\/p>\n\n\n\n<p>Las estad\u00edsticas ambientales muestran que Am\u00e9rica Latina y el Caribe es altamente vulnerable a los efectos adversos del cambio clim\u00e1tico. Solo en 2024 se registraron 82 eventos peligrosos que afectaron a m\u00e1s de 12 millones de personas, con da\u00f1os econ\u00f3micos de 21 mil 777 millones de d\u00f3lares.<br>&#8212; NNN-PRENSA LATINA<\/p>\n","protected":false},"excerpt":{"rendered":"<p>SANTIAGO DE CHILE, 22 feb (NNN-PRENSA LATINA) &#8212; El informe anual de la Comisi\u00f3n Econ\u00f3mica para Am\u00e9rica Latina y el Caribe (Cepal) muestra que la pobreza multidimensional del \u00e1rea afecta al 27,4 por ciento de la poblaci\u00f3n, con amplia dispersi\u00f3n entre los pa\u00edses. El Anuario Estad\u00edstico de Am\u00e9rica Latina y el Caribe 2025 presenta un [&hellip;]<\/p>\n","protected":false},"author":2,"featured_media":146112,"comment_status":"closed","ping_status":"closed","sticky":false,"template":"","format":"standard","meta":[],"categories":[215,211,273],"tags":[],"_links":{"self":[{"href":"http:\/\/www.namnewsnetwork.org\/es\/index.php?rest_route=\/wp\/v2\/posts\/146052"}],"collection":[{"href":"http:\/\/www.namnewsnetwork.org\/es\/index.php?rest_route=\/wp\/v2\/posts"}],"about":[{"href":"http:\/\/www.namnewsnetwork.org\/es\/index.php?rest_route=\/wp\/v2\/types\/post"}],"author":[{"embeddable":true,"href":"http:\/\/www.namnewsnetwork.org\/es\/index.php?rest_route=\/wp\/v2\/users\/2"}],"replies":[{"embeddable":true,"href":"http:\/\/www.namnewsnetwork.org\/es\/index.php?rest_route=%2Fwp%2Fv2%2Fcomments&post=146052"}],"version-history":[{"count":2,"href":"http:\/\/www.namnewsnetwork.org\/es\/index.php?rest_route=\/wp\/v2\/posts\/146052\/revisions"}],"predecessor-version":[{"id":146110,"href":"http:\/\/www.namnewsnetwork.org\/es\/index.php?rest_route=\/wp\/v2\/posts\/146052\/revisions\/146110"}],"wp:featuredmedia":[{"embeddable":true,"href":"http:\/\/www.namnewsnetwork.org\/es\/index.php?rest_route=\/wp\/v2\/media\/146112"}],"wp:attachment":[{"href":"http:\/\/www.namnewsnetwork.org\/es\/index.php?rest_route=%2Fwp%2Fv2%2Fmedia&parent=146052"}],"wp:term":[{"taxonomy":"category","embeddable":true,"href":"http:\/\/www.namnewsnetwork.org\/es\/index.php?rest_route=%2Fwp%2Fv2%2Fcategories&post=146052"},{"taxonomy":"post_tag","embeddable":true,"href":"http:\/\/www.namnewsnetwork.org\/es\/index.php?rest_route=%2Fwp%2Fv2%2Ftags&post=146052"}],"curies":[{"name":"wp","href":"https:\/\/api.w.org\/{rel}","templated":true}]}}