{"id":145979,"date":"2026-02-20T14:13:29","date_gmt":"2026-02-20T06:13:29","guid":{"rendered":"http:\/\/www.namnewsnetwork.org\/es\/?p=145979"},"modified":"2026-02-20T14:13:31","modified_gmt":"2026-02-20T06:13:31","slug":"congreso-de-peru-designo-a-jose-maria-balcazar-como-nuevo-presidente-interino","status":"publish","type":"post","link":"http:\/\/www.namnewsnetwork.org\/es\/?p=145979","title":{"rendered":"Congreso de Per\u00fa design\u00f3 a Jos\u00e9 Mar\u00eda Balc\u00e1zar como nuevo presidente interino"},"content":{"rendered":"\n<p>LIMA, 20 feb (NNN-AVN) &#8212; El Congreso de la Rep\u00fablica del Per\u00fa eligi\u00f3 el mi\u00e9rcoles al parlamentario Jos\u00e9 Mar\u00eda Balc\u00e1zar como nuevo presidente del Legislativo. En consecuencia, ejercer\u00e1 la Presidencia de la Rep\u00fablica de manera interina tras la destituci\u00f3n de Jos\u00e9 Jer\u00ed el pasado 17 de febrero.<\/p>\n\n\n\n<div class=\"wp-block-image\"><figure class=\"aligncenter size-large\"><img loading=\"lazy\" width=\"1024\" height=\"640\" src=\"http:\/\/www.namnewsnetwork.org\/es\/wp-content\/uploads\/2026\/02\/2026-02-19T012756Z_345742685_RC2HOJARII3J_RTRMADP_3_PERU-POLITICS-1024x640.jpg\" alt=\"\" class=\"wp-image-145988\" srcset=\"http:\/\/www.namnewsnetwork.org\/es\/wp-content\/uploads\/2026\/02\/2026-02-19T012756Z_345742685_RC2HOJARII3J_RTRMADP_3_PERU-POLITICS-1024x640.jpg 1024w, http:\/\/www.namnewsnetwork.org\/es\/wp-content\/uploads\/2026\/02\/2026-02-19T012756Z_345742685_RC2HOJARII3J_RTRMADP_3_PERU-POLITICS-300x188.jpg 300w, http:\/\/www.namnewsnetwork.org\/es\/wp-content\/uploads\/2026\/02\/2026-02-19T012756Z_345742685_RC2HOJARII3J_RTRMADP_3_PERU-POLITICS-768x480.jpg 768w, http:\/\/www.namnewsnetwork.org\/es\/wp-content\/uploads\/2026\/02\/2026-02-19T012756Z_345742685_RC2HOJARII3J_RTRMADP_3_PERU-POLITICS.jpg 1110w\" sizes=\"(max-width: 1024px) 100vw, 1024px\" \/><figcaption><em><sup>Jos\u00e9 Mar\u00eda Balc\u00e1zar, miembro del Congreso de Per\u00fa, emite su voto mientras el Congreso celebra una sesi\u00f3n para elegir un nuevo presidente, en Lima, Per\u00fa, el 18 de febrero de 2026. (Foto: Ernesto Arias\/Congreso de Per\u00fa\/v\u00eda REUTERS)<\/sup><\/em><\/figcaption><\/figure><\/div>\n\n\n\n<p>La designaci\u00f3n se concret\u00f3 con un total de 64 votos a favor de Balc\u00e1zar. El parlamentario super\u00f3 as\u00ed a la legisladora Mar\u00eda del Carmen Alva, quien alcanz\u00f3 43 votos en la votaci\u00f3n.<\/p>\n\n\n\n<p>Durante el proceso de votaci\u00f3n participaron 113 parlamentarios. Se registraron tres votos viciados en la sesi\u00f3n legislativa.<\/p>\n\n\n\n<p>&#8220;Con 64 votos, el congresista Jos\u00e9 Mar\u00eda Balc\u00e1zar Zelada ha sido elegido presidente del Congreso de la Rep\u00fablica. En consecuencia, asumir\u00e1 la encargatura de la Presidencia de la Rep\u00fablica del Per\u00fa&#8221;, inform\u00f3 el m\u00e1ximo \u00f3rgano del Legislativo en su cuenta oficial en la red social X.<\/p>\n\n\n\n<p>Balc\u00e1zar representa a la regi\u00f3n de Lambayeque y fue electo en 2021 por la organizaci\u00f3n pol\u00edtica Per\u00fa Libre. Su ascenso marca un hito en la crisis institucional del pa\u00eds, al ser el octavo dirigente en asumir el mando nacional en la \u00faltima d\u00e9cada.<\/p>\n\n\n\n<p>Durante su primer pronunciamiento como mandatario interino, Balc\u00e1zar manifest\u00f3 su motivaci\u00f3n por la nueva responsabilidad. &#8220;Me encuentro sumamente motivado porque mis amigos y colegas me han dado este honor de poder llevar en el pecho la blanca y roja del Per\u00fa&#8221;, declar\u00f3.<\/p>\n\n\n\n<p>El nuevo Jefe de Estado interino hizo un llamado a la unidad nacional y a la superaci\u00f3n de las divisiones ideol\u00f3gicas. &#8220;Aqu\u00ed no hay derechas ni de izquierdas. Ese t\u00e9rmino de derecha y de izquierda lo crearon los franceses en la Revoluci\u00f3n&#8221;, afirm\u00f3.<\/p>\n\n\n\n<p>Balc\u00e1zar se\u00f1al\u00f3 que las etiquetas pol\u00edticas tradicionales &#8220;no tienen ning\u00fan tipo de sustento ideol\u00f3gico&#8221;. Agreg\u00f3 que &#8220;hay gente valiosa en el Per\u00fa que hay que convocar&#8221; para trabajar por el pa\u00eds.<\/p>\n\n\n\n<p>Respecto a su plan de gesti\u00f3n para los pr\u00f3ximos meses, el parlamentario detall\u00f3 sus principales objetivos. Busca &#8220;garantizar al pueblo que va a haber una transici\u00f3n democr\u00e1tica y electoral pac\u00edfica, transparente&#8221;.<\/p>\n\n\n\n<p>Tambi\u00e9n manifest\u00f3 su intenci\u00f3n de &#8220;mantener una pacificaci\u00f3n de verdad&#8221; en el pa\u00eds. Pretende fortalecer los ministerios para enfrentar la inseguridad ciudadana y dar continuidad a la l\u00ednea econ\u00f3mica vigente.<\/p>\n\n\n\n<p>Balc\u00e1zar permanecer\u00e1 en el cargo hasta el pr\u00f3ximo 28 de julio. En esa fecha entregar\u00e1 el mando a quien resulte ganador en los pr\u00f3ximos comicios presidenciales programados.<br>&#8212; NNN-AVN<\/p>\n","protected":false},"excerpt":{"rendered":"<p>LIMA, 20 feb (NNN-AVN) &#8212; El Congreso de la Rep\u00fablica del Per\u00fa eligi\u00f3 el mi\u00e9rcoles al parlamentario Jos\u00e9 Mar\u00eda Balc\u00e1zar como nuevo presidente del Legislativo. En consecuencia, ejercer\u00e1 la Presidencia de la Rep\u00fablica de manera interina tras la destituci\u00f3n de Jos\u00e9 Jer\u00ed el pasado 17 de febrero. La designaci\u00f3n se concret\u00f3 con un total de [&hellip;]<\/p>\n","protected":false},"author":2,"featured_media":145988,"comment_status":"closed","ping_status":"closed","sticky":false,"template":"","format":"standard","meta":[],"categories":[215,277,211],"tags":[],"_links":{"self":[{"href":"http:\/\/www.namnewsnetwork.org\/es\/index.php?rest_route=\/wp\/v2\/posts\/145979"}],"collection":[{"href":"http:\/\/www.namnewsnetwork.org\/es\/index.php?rest_route=\/wp\/v2\/posts"}],"about":[{"href":"http:\/\/www.namnewsnetwork.org\/es\/index.php?rest_route=\/wp\/v2\/types\/post"}],"author":[{"embeddable":true,"href":"http:\/\/www.namnewsnetwork.org\/es\/index.php?rest_route=\/wp\/v2\/users\/2"}],"replies":[{"embeddable":true,"href":"http:\/\/www.namnewsnetwork.org\/es\/index.php?rest_route=%2Fwp%2Fv2%2Fcomments&post=145979"}],"version-history":[{"count":4,"href":"http:\/\/www.namnewsnetwork.org\/es\/index.php?rest_route=\/wp\/v2\/posts\/145979\/revisions"}],"predecessor-version":[{"id":145989,"href":"http:\/\/www.namnewsnetwork.org\/es\/index.php?rest_route=\/wp\/v2\/posts\/145979\/revisions\/145989"}],"wp:featuredmedia":[{"embeddable":true,"href":"http:\/\/www.namnewsnetwork.org\/es\/index.php?rest_route=\/wp\/v2\/media\/145988"}],"wp:attachment":[{"href":"http:\/\/www.namnewsnetwork.org\/es\/index.php?rest_route=%2Fwp%2Fv2%2Fmedia&parent=145979"}],"wp:term":[{"taxonomy":"category","embeddable":true,"href":"http:\/\/www.namnewsnetwork.org\/es\/index.php?rest_route=%2Fwp%2Fv2%2Fcategories&post=145979"},{"taxonomy":"post_tag","embeddable":true,"href":"http:\/\/www.namnewsnetwork.org\/es\/index.php?rest_route=%2Fwp%2Fv2%2Ftags&post=145979"}],"curies":[{"name":"wp","href":"https:\/\/api.w.org\/{rel}","templated":true}]}}