{"id":145835,"date":"2026-02-18T13:40:14","date_gmt":"2026-02-18T05:40:14","guid":{"rendered":"http:\/\/www.namnewsnetwork.org\/es\/?p=145835"},"modified":"2026-02-18T13:40:18","modified_gmt":"2026-02-18T05:40:18","slug":"congreso-de-peru-destituye-al-presidente-interino-jose-jeri-tras-escandalos-de-corrupcion","status":"publish","type":"post","link":"http:\/\/www.namnewsnetwork.org\/es\/?p=145835","title":{"rendered":"Congreso de Per\u00fa destituye al presidente interino Jos\u00e9 Jer\u00ed tras esc\u00e1ndalos de corrupci\u00f3n"},"content":{"rendered":"\n<p>CARACAS, 18 feb (NNN-AVN) &#8212; El Congreso de Per\u00fa aprob\u00f3 el martes una moci\u00f3n de censura y destituy\u00f3 al presidente interino, Jos\u00e9 Jer\u00ed, con 75 votos a favor, 24 en contra y tres abstenciones, en medio de investigaciones por tr\u00e1fico de influencias y reuniones irregulares con empresarios chinos.<\/p>\n\n\n\n<div class=\"wp-block-image\"><figure class=\"aligncenter size-large\"><img loading=\"lazy\" width=\"1024\" height=\"640\" src=\"http:\/\/www.namnewsnetwork.org\/es\/wp-content\/uploads\/2026\/02\/2026-02-17T154032Z_1737905454_RC2QNJAR4XV6_RTRMADP_3_PERU-POLITICS-1024x640.jpg\" alt=\"\" class=\"wp-image-145838\" srcset=\"http:\/\/www.namnewsnetwork.org\/es\/wp-content\/uploads\/2026\/02\/2026-02-17T154032Z_1737905454_RC2QNJAR4XV6_RTRMADP_3_PERU-POLITICS-1024x640.jpg 1024w, http:\/\/www.namnewsnetwork.org\/es\/wp-content\/uploads\/2026\/02\/2026-02-17T154032Z_1737905454_RC2QNJAR4XV6_RTRMADP_3_PERU-POLITICS-300x188.jpg 300w, http:\/\/www.namnewsnetwork.org\/es\/wp-content\/uploads\/2026\/02\/2026-02-17T154032Z_1737905454_RC2QNJAR4XV6_RTRMADP_3_PERU-POLITICS-768x480.jpg 768w, http:\/\/www.namnewsnetwork.org\/es\/wp-content\/uploads\/2026\/02\/2026-02-17T154032Z_1737905454_RC2QNJAR4XV6_RTRMADP_3_PERU-POLITICS.jpg 1110w\" sizes=\"(max-width: 1024px) 100vw, 1024px\" \/><figcaption><em><sup>La gente se re\u00fane para protestar mientras el Congreso de Per\u00fa se re\u00fane para una sesi\u00f3n de emergencia para debatir una moci\u00f3n para destituir al presidente Jos\u00e9 Jeri, en Lima, Per\u00fa, el 17 de febrero de 2026. (Foto: REUTERS\/Angela Ponce)<\/sup><\/em><\/figcaption><\/figure><\/div>\n\n\n\n<p>La decisi\u00f3n, anunciada por el presidente del Congreso, Fernando Rospigliosi, deja vacante la jefatura del Estado por octava vez en una d\u00e9cada, en un contexto de profunda inestabilidad pol\u00edtica en el pa\u00eds sudamericano.<\/p>\n\n\n\n<p>Jer\u00ed, quien asumi\u00f3 el cargo en octubre de 2025 tras la destituci\u00f3n de Dina Boluarte, gobern\u00f3 apenas cuatro meses. Su ca\u00edda se precipit\u00f3 tras revelarse el llamado &#8220;chifagate&#8221;: reuniones nocturnas y encapuchado con el empresario chino Zhihua Yang en un restaurante de comida china, as\u00ed como visitas de otro empresario asi\u00e1tico a Palacio de Gobierno a pesar de estar bajo arresto domiciliario.<\/p>\n\n\n\n<p>A ello se sumaron denuncias sobre la contrataci\u00f3n estatal de al menos once mujeres j\u00f3venes que sostuvieron reuniones con Jer\u00ed en el Palacio, algunas en horarios nocturnos y d\u00edas festivos, generando sospechas de tr\u00e1fico de influencias. La Fiscal\u00eda abri\u00f3 una investigaci\u00f3n preliminar por los presuntos delitos de patrocinio ilegal y tr\u00e1fico de influencias agravado.<\/p>\n\n\n\n<p>El Congreso deber\u00e1 elegir el mi\u00e9rcoles un nuevo presidente del Legislativo, quien autom\u00e1ticamente asumir\u00e1 la presidencia interina hasta el 28 de julio, cuando debe tomar posesi\u00f3n el ganador de las elecciones generales cuya primera vuelta est\u00e1 prevista para el 12 de abril.<\/p>\n\n\n\n<p>Con esta destituci\u00f3n, Per\u00fa suma siete cambios de gobierno en menos de una d\u00e9cada: Pedro Pablo Kuczynski (renunci\u00f3 en 2018), Mart\u00edn Vizcarra (destituido en 2020), Manuel Merino (renunci\u00f3 en 2020), Francisco Sagasti (complet\u00f3 mandato), Pedro Castillo (destituido en 2022), Dina Boluarte (destituida en 2025) y Jos\u00e9 Jer\u00ed.<br>&#8212; NNN-AVN<\/p>\n","protected":false},"excerpt":{"rendered":"<p>CARACAS, 18 feb (NNN-AVN) &#8212; El Congreso de Per\u00fa aprob\u00f3 el martes una moci\u00f3n de censura y destituy\u00f3 al presidente interino, Jos\u00e9 Jer\u00ed, con 75 votos a favor, 24 en contra y tres abstenciones, en medio de investigaciones por tr\u00e1fico de influencias y reuniones irregulares con empresarios chinos. La decisi\u00f3n, anunciada por el presidente del [&hellip;]<\/p>\n","protected":false},"author":2,"featured_media":145838,"comment_status":"closed","ping_status":"closed","sticky":false,"template":"","format":"standard","meta":[],"categories":[215,277,211],"tags":[],"_links":{"self":[{"href":"http:\/\/www.namnewsnetwork.org\/es\/index.php?rest_route=\/wp\/v2\/posts\/145835"}],"collection":[{"href":"http:\/\/www.namnewsnetwork.org\/es\/index.php?rest_route=\/wp\/v2\/posts"}],"about":[{"href":"http:\/\/www.namnewsnetwork.org\/es\/index.php?rest_route=\/wp\/v2\/types\/post"}],"author":[{"embeddable":true,"href":"http:\/\/www.namnewsnetwork.org\/es\/index.php?rest_route=\/wp\/v2\/users\/2"}],"replies":[{"embeddable":true,"href":"http:\/\/www.namnewsnetwork.org\/es\/index.php?rest_route=%2Fwp%2Fv2%2Fcomments&post=145835"}],"version-history":[{"count":2,"href":"http:\/\/www.namnewsnetwork.org\/es\/index.php?rest_route=\/wp\/v2\/posts\/145835\/revisions"}],"predecessor-version":[{"id":145839,"href":"http:\/\/www.namnewsnetwork.org\/es\/index.php?rest_route=\/wp\/v2\/posts\/145835\/revisions\/145839"}],"wp:featuredmedia":[{"embeddable":true,"href":"http:\/\/www.namnewsnetwork.org\/es\/index.php?rest_route=\/wp\/v2\/media\/145838"}],"wp:attachment":[{"href":"http:\/\/www.namnewsnetwork.org\/es\/index.php?rest_route=%2Fwp%2Fv2%2Fmedia&parent=145835"}],"wp:term":[{"taxonomy":"category","embeddable":true,"href":"http:\/\/www.namnewsnetwork.org\/es\/index.php?rest_route=%2Fwp%2Fv2%2Fcategories&post=145835"},{"taxonomy":"post_tag","embeddable":true,"href":"http:\/\/www.namnewsnetwork.org\/es\/index.php?rest_route=%2Fwp%2Fv2%2Ftags&post=145835"}],"curies":[{"name":"wp","href":"https:\/\/api.w.org\/{rel}","templated":true}]}}