{"id":145800,"date":"2026-02-18T13:23:00","date_gmt":"2026-02-18T05:23:00","guid":{"rendered":"http:\/\/www.namnewsnetwork.org\/es\/?p=145800"},"modified":"2026-02-18T13:03:04","modified_gmt":"2026-02-18T05:03:04","slug":"nino-palestino-de-12-anos-muere-en-ataque-aereo-israeli-en-el-norte-de-gaza","status":"publish","type":"post","link":"http:\/\/www.namnewsnetwork.org\/es\/?p=145800","title":{"rendered":"Ni\u00f1o palestino de 12 a\u00f1os muere en ataque a\u00e9reo israel\u00ed en el norte de Gaza"},"content":{"rendered":"\n<p>GAZA, 18 feb (NNN-SABA) &#8212; Un ni\u00f1o palestino de 12 a\u00f1os muri\u00f3 el martes en un ataque a\u00e9reo israel\u00ed contra la localidad de Jabalia, al norte de la ciudad de Gaza, en una nueva violaci\u00f3n del alto el fuego vigente desde el 10 de octubre, informaron fuentes m\u00e9dicas.<\/p>\n\n\n\n<div class=\"wp-block-image\"><figure class=\"aligncenter size-large\"><img loading=\"lazy\" width=\"1024\" height=\"640\" src=\"http:\/\/www.namnewsnetwork.org\/es\/wp-content\/uploads\/2026\/02\/2026-01-24T141205Z_850062153_RC2O7JAENUHZ_RTRMADP_3_ISRAEL-PALESTINIANS-GAZA-1024x640.jpg\" alt=\"\" class=\"wp-image-145829\" srcset=\"http:\/\/www.namnewsnetwork.org\/es\/wp-content\/uploads\/2026\/02\/2026-01-24T141205Z_850062153_RC2O7JAENUHZ_RTRMADP_3_ISRAEL-PALESTINIANS-GAZA-1024x640.jpg 1024w, http:\/\/www.namnewsnetwork.org\/es\/wp-content\/uploads\/2026\/02\/2026-01-24T141205Z_850062153_RC2O7JAENUHZ_RTRMADP_3_ISRAEL-PALESTINIANS-GAZA-300x188.jpg 300w, http:\/\/www.namnewsnetwork.org\/es\/wp-content\/uploads\/2026\/02\/2026-01-24T141205Z_850062153_RC2O7JAENUHZ_RTRMADP_3_ISRAEL-PALESTINIANS-GAZA-768x480.jpg 768w, http:\/\/www.namnewsnetwork.org\/es\/wp-content\/uploads\/2026\/02\/2026-01-24T141205Z_850062153_RC2O7JAENUHZ_RTRMADP_3_ISRAEL-PALESTINIANS-GAZA.jpg 1110w\" sizes=\"(max-width: 1024px) 100vw, 1024px\" \/><figcaption><em><sup>Foto: REUTERS\/Dawoud Abu Alkas<\/sup><\/em><\/figcaption><\/figure><\/div>\n\n\n\n<p>La agencia WAFA cit\u00f3 fuentes del Hospital Al-Shifa que confirmaron la llegada del cuerpo de Youssef Rasem Asaliya, quien falleci\u00f3 por el impacto de un misil disparado desde un dron israel\u00ed en Jabalia.<\/p>\n\n\n\n<p>El Ministerio de Salud palestino anunci\u00f3 el lunes que el n\u00famero de m\u00e1rtires por fuego israel\u00ed desde el inicio de la tregua asciende a 603, con 1.618 heridos, en lo que constituyen flagrantes violaciones del acuerdo de alto el fuego.<br>&#8212; NNN-SABA<\/p>\n","protected":false},"excerpt":{"rendered":"<p>GAZA, 18 feb (NNN-SABA) &#8212; Un ni\u00f1o palestino de 12 a\u00f1os muri\u00f3 el martes en un ataque a\u00e9reo israel\u00ed contra la localidad de Jabalia, al norte de la ciudad de Gaza, en una nueva violaci\u00f3n del alto el fuego vigente desde el 10 de octubre, informaron fuentes m\u00e9dicas. La agencia WAFA cit\u00f3 fuentes del Hospital [&hellip;]<\/p>\n","protected":false},"author":2,"featured_media":145829,"comment_status":"closed","ping_status":"closed","sticky":false,"template":"","format":"standard","meta":[],"categories":[215,211,271,275,197],"tags":[],"_links":{"self":[{"href":"http:\/\/www.namnewsnetwork.org\/es\/index.php?rest_route=\/wp\/v2\/posts\/145800"}],"collection":[{"href":"http:\/\/www.namnewsnetwork.org\/es\/index.php?rest_route=\/wp\/v2\/posts"}],"about":[{"href":"http:\/\/www.namnewsnetwork.org\/es\/index.php?rest_route=\/wp\/v2\/types\/post"}],"author":[{"embeddable":true,"href":"http:\/\/www.namnewsnetwork.org\/es\/index.php?rest_route=\/wp\/v2\/users\/2"}],"replies":[{"embeddable":true,"href":"http:\/\/www.namnewsnetwork.org\/es\/index.php?rest_route=%2Fwp%2Fv2%2Fcomments&post=145800"}],"version-history":[{"count":2,"href":"http:\/\/www.namnewsnetwork.org\/es\/index.php?rest_route=\/wp\/v2\/posts\/145800\/revisions"}],"predecessor-version":[{"id":145830,"href":"http:\/\/www.namnewsnetwork.org\/es\/index.php?rest_route=\/wp\/v2\/posts\/145800\/revisions\/145830"}],"wp:featuredmedia":[{"embeddable":true,"href":"http:\/\/www.namnewsnetwork.org\/es\/index.php?rest_route=\/wp\/v2\/media\/145829"}],"wp:attachment":[{"href":"http:\/\/www.namnewsnetwork.org\/es\/index.php?rest_route=%2Fwp%2Fv2%2Fmedia&parent=145800"}],"wp:term":[{"taxonomy":"category","embeddable":true,"href":"http:\/\/www.namnewsnetwork.org\/es\/index.php?rest_route=%2Fwp%2Fv2%2Fcategories&post=145800"},{"taxonomy":"post_tag","embeddable":true,"href":"http:\/\/www.namnewsnetwork.org\/es\/index.php?rest_route=%2Fwp%2Fv2%2Ftags&post=145800"}],"curies":[{"name":"wp","href":"https:\/\/api.w.org\/{rel}","templated":true}]}}