{"id":145653,"date":"2026-02-16T12:43:00","date_gmt":"2026-02-16T04:43:00","guid":{"rendered":"http:\/\/www.namnewsnetwork.org\/es\/?p=145653"},"modified":"2026-02-16T12:23:23","modified_gmt":"2026-02-16T04:23:23","slug":"el-fenomeno-de-el-nino-podria-regresar-este-verano-con-sequias-e-inundaciones","status":"publish","type":"post","link":"http:\/\/www.namnewsnetwork.org\/es\/?p=145653","title":{"rendered":"El fen\u00f3meno de El Ni\u00f1o podr\u00eda regresar este verano con sequ\u00edas e inundaciones"},"content":{"rendered":"\n<p>LA HABANA, 16 feb (NNN-CUBADEBATE) &#8212; El fen\u00f3meno meteorol\u00f3gico de El Ni\u00f1o podr\u00eda regresar durante el verano de 2026, con una probabilidad de entre el 50% y 60% de formarse hacia finales de la estaci\u00f3n, lo que traer\u00eda lluvias extremas, tormentas intensas y sequ\u00edas en diversas zonas del planeta, advirti\u00f3 el jueves el Centro de Predicciones Clim\u00e1ticas de la NOAA.<\/p>\n\n\n\n<div class=\"wp-block-image\"><figure class=\"aligncenter size-large\"><img loading=\"lazy\" width=\"1024\" height=\"640\" src=\"http:\/\/www.namnewsnetwork.org\/es\/wp-content\/uploads\/2026\/02\/2026-02-06T185627Z_539554127_RC21FJA0GEPN_RTRMADP_3_COLOMBIA-FLOODS-1024x640.jpg\" alt=\"\" class=\"wp-image-145662\" srcset=\"http:\/\/www.namnewsnetwork.org\/es\/wp-content\/uploads\/2026\/02\/2026-02-06T185627Z_539554127_RC21FJA0GEPN_RTRMADP_3_COLOMBIA-FLOODS-1024x640.jpg 1024w, http:\/\/www.namnewsnetwork.org\/es\/wp-content\/uploads\/2026\/02\/2026-02-06T185627Z_539554127_RC21FJA0GEPN_RTRMADP_3_COLOMBIA-FLOODS-300x188.jpg 300w, http:\/\/www.namnewsnetwork.org\/es\/wp-content\/uploads\/2026\/02\/2026-02-06T185627Z_539554127_RC21FJA0GEPN_RTRMADP_3_COLOMBIA-FLOODS-768x480.jpg 768w, http:\/\/www.namnewsnetwork.org\/es\/wp-content\/uploads\/2026\/02\/2026-02-06T185627Z_539554127_RC21FJA0GEPN_RTRMADP_3_COLOMBIA-FLOODS.jpg 1110w\" sizes=\"(max-width: 1024px) 100vw, 1024px\" \/><figcaption><em><sup>Vista a\u00e9rea de las inundaciones causadas por las fuertes lluvias de un frente fr\u00edo en el hemisferio norte, en Monter\u00eda, Colombia, el 4 de febrero de 2026. (Foto: REUTERS\/Luis Felipe Osorio)<\/sup><\/em><\/figcaption><\/figure><\/div>\n\n\n\n<p>La entidad se\u00f1al\u00f3 que persiste una &#8220;incertidumbre considerable&#8221; en los modelos y que los pron\u00f3sticos realizados en esta \u00e9poca del a\u00f1o tienden a ser menos precisos.<\/p>\n\n\n\n<p>El Ni\u00f1o es una corriente de agua caliente en el Pac\u00edfico central y oriental a lo largo del Ecuador, que se produce cuando cambian los vientos alisios, permitiendo que la masa de agua caliente se desplace hacia la costa de Sudam\u00e9rica. Estos fen\u00f3menos surgen aproximadamente cada tres a siete a\u00f1os y suelen durar entre nueve y doce meses.<\/p>\n\n\n\n<p>El \u00faltimo evento, registrado en 2022 y 2023, fue uno de los principales impulsores de las temperaturas mundiales r\u00e9cord, al liberar calor del oc\u00e9ano hacia la atm\u00f3sfera.<br>&#8212; NNN-CUBADEBATE<\/p>\n","protected":false},"excerpt":{"rendered":"<p>LA HABANA, 16 feb (NNN-CUBADEBATE) &#8212; El fen\u00f3meno meteorol\u00f3gico de El Ni\u00f1o podr\u00eda regresar durante el verano de 2026, con una probabilidad de entre el 50% y 60% de formarse hacia finales de la estaci\u00f3n, lo que traer\u00eda lluvias extremas, tormentas intensas y sequ\u00edas en diversas zonas del planeta, advirti\u00f3 el jueves el Centro de [&hellip;]<\/p>\n","protected":false},"author":2,"featured_media":145662,"comment_status":"closed","ping_status":"closed","sticky":false,"template":"","format":"standard","meta":[],"categories":[215,277,211],"tags":[],"_links":{"self":[{"href":"http:\/\/www.namnewsnetwork.org\/es\/index.php?rest_route=\/wp\/v2\/posts\/145653"}],"collection":[{"href":"http:\/\/www.namnewsnetwork.org\/es\/index.php?rest_route=\/wp\/v2\/posts"}],"about":[{"href":"http:\/\/www.namnewsnetwork.org\/es\/index.php?rest_route=\/wp\/v2\/types\/post"}],"author":[{"embeddable":true,"href":"http:\/\/www.namnewsnetwork.org\/es\/index.php?rest_route=\/wp\/v2\/users\/2"}],"replies":[{"embeddable":true,"href":"http:\/\/www.namnewsnetwork.org\/es\/index.php?rest_route=%2Fwp%2Fv2%2Fcomments&post=145653"}],"version-history":[{"count":1,"href":"http:\/\/www.namnewsnetwork.org\/es\/index.php?rest_route=\/wp\/v2\/posts\/145653\/revisions"}],"predecessor-version":[{"id":145663,"href":"http:\/\/www.namnewsnetwork.org\/es\/index.php?rest_route=\/wp\/v2\/posts\/145653\/revisions\/145663"}],"wp:featuredmedia":[{"embeddable":true,"href":"http:\/\/www.namnewsnetwork.org\/es\/index.php?rest_route=\/wp\/v2\/media\/145662"}],"wp:attachment":[{"href":"http:\/\/www.namnewsnetwork.org\/es\/index.php?rest_route=%2Fwp%2Fv2%2Fmedia&parent=145653"}],"wp:term":[{"taxonomy":"category","embeddable":true,"href":"http:\/\/www.namnewsnetwork.org\/es\/index.php?rest_route=%2Fwp%2Fv2%2Fcategories&post=145653"},{"taxonomy":"post_tag","embeddable":true,"href":"http:\/\/www.namnewsnetwork.org\/es\/index.php?rest_route=%2Fwp%2Fv2%2Ftags&post=145653"}],"curies":[{"name":"wp","href":"https:\/\/api.w.org\/{rel}","templated":true}]}}