{"id":145629,"date":"2026-02-16T10:46:06","date_gmt":"2026-02-16T02:46:06","guid":{"rendered":"http:\/\/www.namnewsnetwork.org\/es\/?p=145629"},"modified":"2026-02-16T10:46:14","modified_gmt":"2026-02-16T02:46:14","slug":"consejo-de-estado-de-colombia-suspende-aumento-del-salario-minimo-decretado-por-el-gobierno","status":"publish","type":"post","link":"http:\/\/www.namnewsnetwork.org\/es\/?p=145629","title":{"rendered":"Consejo de Estado de Colombia suspende aumento del salario m\u00ednimo decretado por el Gobierno"},"content":{"rendered":"\n<p>CARACAS, 16 feb (NNN-AVN) &#8212; El Consejo de Estado de Colombia suspendi\u00f3 provisionalmente el decreto 1469 del 29 de diciembre de 2025, mediante el cual el Gobierno nacional hab\u00eda fijado un aumento del salario m\u00ednimo cercano al 23%, informaron fuentes judiciales.<\/p>\n\n\n\n<p>La sentencia, divulgada el viernes, ordena &#8220;decretar la medida cautelar de suspensi\u00f3n provisional de los efectos del Decreto 1469&#8221;, emitido por el presidente y los ministros del Trabajo y de Hacienda. La suspensi\u00f3n regir\u00e1 mientras el tribunal completa el estudio de fondo sobre la legalidad de la norma.<\/p>\n\n\n\n<p>El fallo obliga al Ejecutivo a expedir un decreto transitorio en un plazo de ocho d\u00edas h\u00e1biles, que deber\u00e1 fijar un porcentaje de aumento y el valor correspondiente que regir\u00e1 hasta que el Consejo de Estado dicte sentencia definitiva.<\/p>\n\n\n\n<p>El decreto suspendido establec\u00eda el salario m\u00ednimo en 1.750.905 pesos colombianos, tras fracasar las negociaciones entre empresarios y trabajadores. El Gobierno defendi\u00f3 el incremento como una respuesta a la p\u00e9rdida de poder adquisitivo, pero sectores empresariales y analistas econ\u00f3micos cuestionaron la medida.<\/p>\n\n\n\n<p>El tribunal reiter\u00f3 que los decretos que fijan el salario m\u00ednimo deben respetar &#8220;par\u00e1metros metodol\u00f3gicos y constitucionales verificables&#8221;.<br>&#8212; NNN-AVN<\/p>\n","protected":false},"excerpt":{"rendered":"<p>CARACAS, 16 feb (NNN-AVN) &#8212; El Consejo de Estado de Colombia suspendi\u00f3 provisionalmente el decreto 1469 del 29 de diciembre de 2025, mediante el cual el Gobierno nacional hab\u00eda fijado un aumento del salario m\u00ednimo cercano al 23%, informaron fuentes judiciales. La sentencia, divulgada el viernes, ordena &#8220;decretar la medida cautelar de suspensi\u00f3n provisional de [&hellip;]<\/p>\n","protected":false},"author":2,"featured_media":145636,"comment_status":"closed","ping_status":"closed","sticky":false,"template":"","format":"standard","meta":[],"categories":[215,277,211],"tags":[],"_links":{"self":[{"href":"http:\/\/www.namnewsnetwork.org\/es\/index.php?rest_route=\/wp\/v2\/posts\/145629"}],"collection":[{"href":"http:\/\/www.namnewsnetwork.org\/es\/index.php?rest_route=\/wp\/v2\/posts"}],"about":[{"href":"http:\/\/www.namnewsnetwork.org\/es\/index.php?rest_route=\/wp\/v2\/types\/post"}],"author":[{"embeddable":true,"href":"http:\/\/www.namnewsnetwork.org\/es\/index.php?rest_route=\/wp\/v2\/users\/2"}],"replies":[{"embeddable":true,"href":"http:\/\/www.namnewsnetwork.org\/es\/index.php?rest_route=%2Fwp%2Fv2%2Fcomments&post=145629"}],"version-history":[{"count":1,"href":"http:\/\/www.namnewsnetwork.org\/es\/index.php?rest_route=\/wp\/v2\/posts\/145629\/revisions"}],"predecessor-version":[{"id":145637,"href":"http:\/\/www.namnewsnetwork.org\/es\/index.php?rest_route=\/wp\/v2\/posts\/145629\/revisions\/145637"}],"wp:featuredmedia":[{"embeddable":true,"href":"http:\/\/www.namnewsnetwork.org\/es\/index.php?rest_route=\/wp\/v2\/media\/145636"}],"wp:attachment":[{"href":"http:\/\/www.namnewsnetwork.org\/es\/index.php?rest_route=%2Fwp%2Fv2%2Fmedia&parent=145629"}],"wp:term":[{"taxonomy":"category","embeddable":true,"href":"http:\/\/www.namnewsnetwork.org\/es\/index.php?rest_route=%2Fwp%2Fv2%2Fcategories&post=145629"},{"taxonomy":"post_tag","embeddable":true,"href":"http:\/\/www.namnewsnetwork.org\/es\/index.php?rest_route=%2Fwp%2Fv2%2Ftags&post=145629"}],"curies":[{"name":"wp","href":"https:\/\/api.w.org\/{rel}","templated":true}]}}