{"id":145556,"date":"2026-02-15T12:37:50","date_gmt":"2026-02-15T04:37:50","guid":{"rendered":"http:\/\/www.namnewsnetwork.org\/es\/?p=145556"},"modified":"2026-02-15T12:38:18","modified_gmt":"2026-02-15T04:38:18","slug":"brasil-hace-historia-con-primer-oro-latinoamericano-en-juegos-olimpicos-de-invierno","status":"publish","type":"post","link":"http:\/\/www.namnewsnetwork.org\/es\/?p=145556","title":{"rendered":"Brasil hace historia con primer oro latinoamericano en Juegos Ol\u00edmpicos de Invierno"},"content":{"rendered":"\n<p>ROMA, 15 feb (NNN-CUBADEBATE) &#8212; El esquiador Lucas Pinheiro Braathen se convirti\u00f3 el s\u00e1bado en el primer atleta de Brasil y de toda Latinoam\u00e9rica en ganar una medalla de oro en unos Juegos Ol\u00edmpicos de Invierno, al imponerse en la prueba de eslalon gigante de esqu\u00ed alpino en la pista Stelvio de Bormio, Italia.<\/p>\n\n\n\n<div class=\"wp-block-image\"><figure class=\"aligncenter size-large\"><img loading=\"lazy\" width=\"1024\" height=\"640\" src=\"http:\/\/www.namnewsnetwork.org\/es\/wp-content\/uploads\/2026\/02\/2026-02-14T151336Z_831259020_UP1EM2E15DGUN_RTRMADP_3_OLYMPICS-2026-ALPINE-1024x640.jpg\" alt=\"\" class=\"wp-image-145599\" srcset=\"http:\/\/www.namnewsnetwork.org\/es\/wp-content\/uploads\/2026\/02\/2026-02-14T151336Z_831259020_UP1EM2E15DGUN_RTRMADP_3_OLYMPICS-2026-ALPINE-1024x640.jpg 1024w, http:\/\/www.namnewsnetwork.org\/es\/wp-content\/uploads\/2026\/02\/2026-02-14T151336Z_831259020_UP1EM2E15DGUN_RTRMADP_3_OLYMPICS-2026-ALPINE-300x188.jpg 300w, http:\/\/www.namnewsnetwork.org\/es\/wp-content\/uploads\/2026\/02\/2026-02-14T151336Z_831259020_UP1EM2E15DGUN_RTRMADP_3_OLYMPICS-2026-ALPINE-768x480.jpg 768w, http:\/\/www.namnewsnetwork.org\/es\/wp-content\/uploads\/2026\/02\/2026-02-14T151336Z_831259020_UP1EM2E15DGUN_RTRMADP_3_OLYMPICS-2026-ALPINE.jpg 1110w\" sizes=\"(max-width: 1024px) 100vw, 1024px\" \/><figcaption><em><sup>El medallista de oro Lucas Pinheiro Braathen de Brasil celebra en el podio tras ganar el eslalon gigante masculino. (Foto: REUTERS\/Denis Balibouse)<\/sup><\/em><\/figcaption><\/figure><\/div>\n\n\n\n<p>El deportista de 25 a\u00f1os, hijo de padre noruego y madre brasile\u00f1a, complet\u00f3 un tiempo total de 2 minutos y 25 segundos (1m13s92 en la primera manga y 1m11s08 en la segunda), superando a los suizos Marco Odermatt (2m25s58) y Loic Meillard (2m26s17), quienes completaron el podio.<\/p>\n\n\n\n<p>Braathen, que hab\u00eda clasificado en el und\u00e9cimo puesto en la ronda previa, ofreci\u00f3 un gran espect\u00e1culo en las mangas decisivas para alzarse con el primer lugar entre 81 competidores.<\/p>\n\n\n\n<p>&#8220;Inexplicable. Es totalmente inexplicable. No s\u00e9 c\u00f3mo expresar con palabras lo que siento ahora mismo&#8221;, declar\u00f3 a TV Globo tras su victoria. &#8220;Probablemente todos en Brasil est\u00e1n observando, siguiendo y animando. Esto puede ser una fuente de inspiraci\u00f3n para la pr\u00f3xima generaci\u00f3n de ni\u00f1os; nada es imposible&#8221;, a\u00f1adi\u00f3.<\/p>\n\n\n\n<p>El atleta, nacido en Oslo pero que representa a Brasil por su madre, describi\u00f3 la segunda manga como &#8220;una batalla&#8221; en la que necesit\u00f3 adaptarse a las cambiantes condiciones de la nieve y &#8220;esquiar con el coraz\u00f3n&#8221;.<\/p>\n\n\n\n<p>Braathen volver\u00e1 a competir el pr\u00f3ximo lunes 16, con opci\u00f3n de sumar nuevas medallas para la delegaci\u00f3n brasile\u00f1a en estos Juegos Ol\u00edmpicos de Invierno Mil\u00e1n-Cortina 2026.<br>&#8212; NNN-CUBADEBATE<\/p>\n","protected":false},"excerpt":{"rendered":"<p>ROMA, 15 feb (NNN-CUBADEBATE) &#8212; El esquiador Lucas Pinheiro Braathen se convirti\u00f3 el s\u00e1bado en el primer atleta de Brasil y de toda Latinoam\u00e9rica en ganar una medalla de oro en unos Juegos Ol\u00edmpicos de Invierno, al imponerse en la prueba de eslalon gigante de esqu\u00ed alpino en la pista Stelvio de Bormio, Italia. El [&hellip;]<\/p>\n","protected":false},"author":2,"featured_media":145599,"comment_status":"closed","ping_status":"closed","sticky":false,"template":"","format":"standard","meta":[],"categories":[215,190,210,278,211],"tags":[],"_links":{"self":[{"href":"http:\/\/www.namnewsnetwork.org\/es\/index.php?rest_route=\/wp\/v2\/posts\/145556"}],"collection":[{"href":"http:\/\/www.namnewsnetwork.org\/es\/index.php?rest_route=\/wp\/v2\/posts"}],"about":[{"href":"http:\/\/www.namnewsnetwork.org\/es\/index.php?rest_route=\/wp\/v2\/types\/post"}],"author":[{"embeddable":true,"href":"http:\/\/www.namnewsnetwork.org\/es\/index.php?rest_route=\/wp\/v2\/users\/2"}],"replies":[{"embeddable":true,"href":"http:\/\/www.namnewsnetwork.org\/es\/index.php?rest_route=%2Fwp%2Fv2%2Fcomments&post=145556"}],"version-history":[{"count":4,"href":"http:\/\/www.namnewsnetwork.org\/es\/index.php?rest_route=\/wp\/v2\/posts\/145556\/revisions"}],"predecessor-version":[{"id":145601,"href":"http:\/\/www.namnewsnetwork.org\/es\/index.php?rest_route=\/wp\/v2\/posts\/145556\/revisions\/145601"}],"wp:featuredmedia":[{"embeddable":true,"href":"http:\/\/www.namnewsnetwork.org\/es\/index.php?rest_route=\/wp\/v2\/media\/145599"}],"wp:attachment":[{"href":"http:\/\/www.namnewsnetwork.org\/es\/index.php?rest_route=%2Fwp%2Fv2%2Fmedia&parent=145556"}],"wp:term":[{"taxonomy":"category","embeddable":true,"href":"http:\/\/www.namnewsnetwork.org\/es\/index.php?rest_route=%2Fwp%2Fv2%2Fcategories&post=145556"},{"taxonomy":"post_tag","embeddable":true,"href":"http:\/\/www.namnewsnetwork.org\/es\/index.php?rest_route=%2Fwp%2Fv2%2Ftags&post=145556"}],"curies":[{"name":"wp","href":"https:\/\/api.w.org\/{rel}","templated":true}]}}