{"id":145549,"date":"2026-02-15T11:52:28","date_gmt":"2026-02-15T03:52:28","guid":{"rendered":"http:\/\/www.namnewsnetwork.org\/es\/?p=145549"},"modified":"2026-02-15T11:52:29","modified_gmt":"2026-02-15T03:52:29","slug":"venezuela-reactivara-55-vuelos-internacionales-tras-el-retorno-de-avianca","status":"publish","type":"post","link":"http:\/\/www.namnewsnetwork.org\/es\/?p=145549","title":{"rendered":"Venezuela reactivar\u00e1 55 vuelos internacionales tras el retorno de Avianca"},"content":{"rendered":"\n<p>CARACAS, 15 feb (NNN-TELESUR) &#8212; Venezuela se prepara para reactivar progresivamente su conectividad a\u00e9rea internacional con la incorporaci\u00f3n de 55 nuevos vuelos, en un proceso que busca recuperar los niveles de operaci\u00f3n de 4,2 millones de pasajeros registrados en 2024, informaron el viernes fuentes del sector.<\/p>\n\n\n\n<div class=\"wp-block-image\"><figure class=\"aligncenter size-large\"><img loading=\"lazy\" width=\"1024\" height=\"640\" src=\"http:\/\/www.namnewsnetwork.org\/es\/wp-content\/uploads\/2026\/02\/2026-02-12T172020Z_579253302_RC2CKJAUJ35M_RTRMADP_3_COLOMBIA-VENEZUELA-FLIGHTS-1024x640.jpg\" alt=\"\" class=\"wp-image-145589\" srcset=\"http:\/\/www.namnewsnetwork.org\/es\/wp-content\/uploads\/2026\/02\/2026-02-12T172020Z_579253302_RC2CKJAUJ35M_RTRMADP_3_COLOMBIA-VENEZUELA-FLIGHTS-1024x640.jpg 1024w, http:\/\/www.namnewsnetwork.org\/es\/wp-content\/uploads\/2026\/02\/2026-02-12T172020Z_579253302_RC2CKJAUJ35M_RTRMADP_3_COLOMBIA-VENEZUELA-FLIGHTS-300x188.jpg 300w, http:\/\/www.namnewsnetwork.org\/es\/wp-content\/uploads\/2026\/02\/2026-02-12T172020Z_579253302_RC2CKJAUJ35M_RTRMADP_3_COLOMBIA-VENEZUELA-FLIGHTS-768x480.jpg 768w, http:\/\/www.namnewsnetwork.org\/es\/wp-content\/uploads\/2026\/02\/2026-02-12T172020Z_579253302_RC2CKJAUJ35M_RTRMADP_3_COLOMBIA-VENEZUELA-FLIGHTS.jpg 1110w\" sizes=\"(max-width: 1024px) 100vw, 1024px\" \/><figcaption><em><sup>La capitana de la aerol\u00ednea Avianca, Natalia Blanco, corta una cinta durante la reapertura de los vuelos entre Caracas y Bogot\u00e1 por parte de Avianca, en Bogot\u00e1, Colombia, el 12 de febrero de 2026. (Foto: REUTERS\/Luisa Gonzalez)<\/sup><\/em><\/figcaption><\/figure><\/div>\n\n\n\n<p>El regreso de la aerol\u00ednea colombiana Avianca a Caracas marca el inicio de esta fase, tras la suspensi\u00f3n de m\u00faltiples operaciones internacionales desde noviembre de 2025. La compa\u00f1\u00eda retom\u00f3 el jueves los vuelos diarios entre Bogot\u00e1 y Caracas, suspendidos por las tensiones regionales derivadas de operaciones militares estadounidenses.<\/p>\n\n\n\n<p>La Junta de Aviaci\u00f3n Comercial de Rep\u00fablica Dominicana otorg\u00f3 a la venezolana Laser Airlines la autorizaci\u00f3n para reanudar operaciones de pasajeros, carga y correo en las rutas Maiquet\u00eda\u2013Santo Domingo y Maiquet\u00eda\u2013La Romana, por un per\u00edodo de tres a\u00f1os, renovando el permiso 101 que hab\u00eda expirado en mayo de 2025.<\/p>\n\n\n\n<p>En paralelo, American Airlines solicit\u00f3 el viernes al Departamento de Transporte de EE.UU. autorizaci\u00f3n para reiniciar vuelos entre Miami y las ciudades venezolanas de Caracas y Maracaibo. &#8220;La aprobaci\u00f3n de esta solicitud avanzar\u00eda la meta del presidente Trump de reabrir el servicio a\u00e9reo a Venezuela y servir al inter\u00e9s p\u00fablico al proveer una oportunidad para el negocio, el placer y el viaje humanitario&#8221;, se\u00f1ala el documento de la aerol\u00ednea.<\/p>\n\n\n\n<p>Laser Airlines tambi\u00e9n solicit\u00f3 a las autoridades estadounidenses permiso para reanudar vuelos directos a Miami y Fort Lauderdale, con frecuencias diarias en equipos MD-82\/83. De obtener la aprobaci\u00f3n, estima comenzar operaciones entre 90 y 180 d\u00edas despu\u00e9s de la autorizaci\u00f3n.<\/p>\n\n\n\n<p>Avianca Cargo anunci\u00f3 su intenci\u00f3n de regresar al mercado venezolano. Su CEO, Diogo Elias, destac\u00f3 que &#8220;seguramente en Venezuela, a medida que se pueda, vamos a estar y volar con carga&#8221;, y prev\u00e9 reanudar operaciones entre Caracas y Bogot\u00e1 antes de finalizar el a\u00f1o.<\/p>\n\n\n\n<p>La reactivaci\u00f3n depende a\u00fan de autorizaciones pendientes de Estados Unidos y Rep\u00fablica Dominicana, mientras las aerol\u00edneas buscan capitalizar la normalizaci\u00f3n de las relaciones operativas para reconectar a familias y sectores empresariales.<br>&#8212; NNN-TELESUR<\/p>\n","protected":false},"excerpt":{"rendered":"<p>CARACAS, 15 feb (NNN-TELESUR) &#8212; Venezuela se prepara para reactivar progresivamente su conectividad a\u00e9rea internacional con la incorporaci\u00f3n de 55 nuevos vuelos, en un proceso que busca recuperar los niveles de operaci\u00f3n de 4,2 millones de pasajeros registrados en 2024, informaron el viernes fuentes del sector. El regreso de la aerol\u00ednea colombiana Avianca a Caracas [&hellip;]<\/p>\n","protected":false},"author":2,"featured_media":145589,"comment_status":"closed","ping_status":"closed","sticky":false,"template":"","format":"standard","meta":[],"categories":[215,277,211],"tags":[],"_links":{"self":[{"href":"http:\/\/www.namnewsnetwork.org\/es\/index.php?rest_route=\/wp\/v2\/posts\/145549"}],"collection":[{"href":"http:\/\/www.namnewsnetwork.org\/es\/index.php?rest_route=\/wp\/v2\/posts"}],"about":[{"href":"http:\/\/www.namnewsnetwork.org\/es\/index.php?rest_route=\/wp\/v2\/types\/post"}],"author":[{"embeddable":true,"href":"http:\/\/www.namnewsnetwork.org\/es\/index.php?rest_route=\/wp\/v2\/users\/2"}],"replies":[{"embeddable":true,"href":"http:\/\/www.namnewsnetwork.org\/es\/index.php?rest_route=%2Fwp%2Fv2%2Fcomments&post=145549"}],"version-history":[{"count":2,"href":"http:\/\/www.namnewsnetwork.org\/es\/index.php?rest_route=\/wp\/v2\/posts\/145549\/revisions"}],"predecessor-version":[{"id":145590,"href":"http:\/\/www.namnewsnetwork.org\/es\/index.php?rest_route=\/wp\/v2\/posts\/145549\/revisions\/145590"}],"wp:featuredmedia":[{"embeddable":true,"href":"http:\/\/www.namnewsnetwork.org\/es\/index.php?rest_route=\/wp\/v2\/media\/145589"}],"wp:attachment":[{"href":"http:\/\/www.namnewsnetwork.org\/es\/index.php?rest_route=%2Fwp%2Fv2%2Fmedia&parent=145549"}],"wp:term":[{"taxonomy":"category","embeddable":true,"href":"http:\/\/www.namnewsnetwork.org\/es\/index.php?rest_route=%2Fwp%2Fv2%2Fcategories&post=145549"},{"taxonomy":"post_tag","embeddable":true,"href":"http:\/\/www.namnewsnetwork.org\/es\/index.php?rest_route=%2Fwp%2Fv2%2Ftags&post=145549"}],"curies":[{"name":"wp","href":"https:\/\/api.w.org\/{rel}","templated":true}]}}