{"id":145548,"date":"2026-02-15T11:47:12","date_gmt":"2026-02-15T03:47:12","guid":{"rendered":"http:\/\/www.namnewsnetwork.org\/es\/?p=145548"},"modified":"2026-02-15T11:52:49","modified_gmt":"2026-02-15T03:52:49","slug":"colombia-descarta-solicitar-ayuda-internacional-por-inundaciones-que-dejan-18-muertos-y-120-000-damnificados","status":"publish","type":"post","link":"http:\/\/www.namnewsnetwork.org\/es\/?p=145548","title":{"rendered":"Colombia descarta solicitar ayuda internacional por inundaciones que dejan 18 muertos y 120.000 damnificados"},"content":{"rendered":"\n<p>BOGOT\u00c1, 15 feb (NNN-TELESUR) &#8212; El gobierno de Colombia descart\u00f3 el viernes activar mecanismos de ayuda internacional para enfrentar las graves inundaciones que afectan a seis departamentos del pa\u00eds, al considerar que la emergencia &#8220;no supera la capacidad operativa y funcional del Estado&#8221;, inform\u00f3 la Canciller\u00eda.<\/p>\n\n\n\n<div class=\"wp-block-image\"><figure class=\"aligncenter size-large\"><img loading=\"lazy\" width=\"1024\" height=\"640\" src=\"http:\/\/www.namnewsnetwork.org\/es\/wp-content\/uploads\/2026\/02\/Colombia-descarta-pedir-ayuda-internacional-por-recientes-inundaciones-1024x640.jpg\" alt=\"\" class=\"wp-image-145587\" srcset=\"http:\/\/www.namnewsnetwork.org\/es\/wp-content\/uploads\/2026\/02\/Colombia-descarta-pedir-ayuda-internacional-por-recientes-inundaciones-1024x640.jpg 1024w, http:\/\/www.namnewsnetwork.org\/es\/wp-content\/uploads\/2026\/02\/Colombia-descarta-pedir-ayuda-internacional-por-recientes-inundaciones-300x188.jpg 300w, http:\/\/www.namnewsnetwork.org\/es\/wp-content\/uploads\/2026\/02\/Colombia-descarta-pedir-ayuda-internacional-por-recientes-inundaciones-768x480.jpg 768w, http:\/\/www.namnewsnetwork.org\/es\/wp-content\/uploads\/2026\/02\/Colombia-descarta-pedir-ayuda-internacional-por-recientes-inundaciones.jpg 1110w\" sizes=\"(max-width: 1024px) 100vw, 1024px\" \/><figcaption><em><sup>Foto: @COL_EJERCITO<\/sup><\/em><\/figcaption><\/figure><\/div>\n\n\n\n<p>En un comunicado, la dependencia se\u00f1al\u00f3 que trabaja en coordinaci\u00f3n permanente con la Unidad Nacional para la Gesti\u00f3n del Riesgo de Desastres (Ungrd) y que mantiene contacto con la Oficina de Coordinaci\u00f3n de Asuntos Humanitarios (OCHA) de Naciones Unidas, aunque precis\u00f3 que &#8220;no procede activar mecanismos internacionales de ayuda&#8221; en la fase actual de respuesta inmediata.<\/p>\n\n\n\n<p>Las intensas lluvias causadas por un frente fr\u00edo en el norte del pa\u00eds han afectado a decenas de municipios en los departamentos de C\u00f3rdoba, Sucre, Magdalena, La Guajira, Choc\u00f3 y Antioquia. El balance preliminar reporta 18 muertos, 4.300 viviendas destruidas, cerca de 120.000 personas damnificadas y unas 300.000 hect\u00e1reas inundadas, lo que ha obligado a evacuaciones masivas.<\/p>\n\n\n\n<p>El presidente Gustavo Petro declar\u00f3 el mi\u00e9rcoles pasado, por recomendaci\u00f3n del Consejo Nacional para la Gesti\u00f3n del Riesgo, la Emergencia Econ\u00f3mica, Social y Ecol\u00f3gica por 30 d\u00edas para agilizar recursos y fortalecer la respuesta frente a la amenaza econ\u00f3mica, social y ambiental.<\/p>\n\n\n\n<p>La Canciller\u00eda subray\u00f3 que el llamamiento internacional es un instrumento &#8220;t\u00e9cnico, subsidiario y excepcional&#8221; que solo procede cuando las capacidades nacionales han sido superadas, situaci\u00f3n que, seg\u00fan precis\u00f3, no ocurre en el escenario actual, aunque el gobierno est\u00e1 &#8220;en plena disposici\u00f3n de activarlo si la evoluci\u00f3n de la situaci\u00f3n lo requiere&#8221;.<br>&#8212; NNN-TELESUR<\/p>\n","protected":false},"excerpt":{"rendered":"<p>BOGOT\u00c1, 15 feb (NNN-TELESUR) &#8212; El gobierno de Colombia descart\u00f3 el viernes activar mecanismos de ayuda internacional para enfrentar las graves inundaciones que afectan a seis departamentos del pa\u00eds, al considerar que la emergencia &#8220;no supera la capacidad operativa y funcional del Estado&#8221;, inform\u00f3 la Canciller\u00eda. En un comunicado, la dependencia se\u00f1al\u00f3 que trabaja en [&hellip;]<\/p>\n","protected":false},"author":2,"featured_media":145587,"comment_status":"closed","ping_status":"closed","sticky":false,"template":"","format":"standard","meta":[],"categories":[215,211,273],"tags":[],"_links":{"self":[{"href":"http:\/\/www.namnewsnetwork.org\/es\/index.php?rest_route=\/wp\/v2\/posts\/145548"}],"collection":[{"href":"http:\/\/www.namnewsnetwork.org\/es\/index.php?rest_route=\/wp\/v2\/posts"}],"about":[{"href":"http:\/\/www.namnewsnetwork.org\/es\/index.php?rest_route=\/wp\/v2\/types\/post"}],"author":[{"embeddable":true,"href":"http:\/\/www.namnewsnetwork.org\/es\/index.php?rest_route=\/wp\/v2\/users\/2"}],"replies":[{"embeddable":true,"href":"http:\/\/www.namnewsnetwork.org\/es\/index.php?rest_route=%2Fwp%2Fv2%2Fcomments&post=145548"}],"version-history":[{"count":2,"href":"http:\/\/www.namnewsnetwork.org\/es\/index.php?rest_route=\/wp\/v2\/posts\/145548\/revisions"}],"predecessor-version":[{"id":145588,"href":"http:\/\/www.namnewsnetwork.org\/es\/index.php?rest_route=\/wp\/v2\/posts\/145548\/revisions\/145588"}],"wp:featuredmedia":[{"embeddable":true,"href":"http:\/\/www.namnewsnetwork.org\/es\/index.php?rest_route=\/wp\/v2\/media\/145587"}],"wp:attachment":[{"href":"http:\/\/www.namnewsnetwork.org\/es\/index.php?rest_route=%2Fwp%2Fv2%2Fmedia&parent=145548"}],"wp:term":[{"taxonomy":"category","embeddable":true,"href":"http:\/\/www.namnewsnetwork.org\/es\/index.php?rest_route=%2Fwp%2Fv2%2Fcategories&post=145548"},{"taxonomy":"post_tag","embeddable":true,"href":"http:\/\/www.namnewsnetwork.org\/es\/index.php?rest_route=%2Fwp%2Fv2%2Ftags&post=145548"}],"curies":[{"name":"wp","href":"https:\/\/api.w.org\/{rel}","templated":true}]}}