{"id":145484,"date":"2026-02-14T12:21:33","date_gmt":"2026-02-14T04:21:33","guid":{"rendered":"http:\/\/www.namnewsnetwork.org\/es\/?p=145484"},"modified":"2026-02-14T12:21:35","modified_gmt":"2026-02-14T04:21:35","slug":"colombia-anuncia-medidas-economicas-para-enfrentar-la-emergencia-climatica-y-contener-el-alza-de-precios-de-alimentos","status":"publish","type":"post","link":"http:\/\/www.namnewsnetwork.org\/es\/?p=145484","title":{"rendered":"Colombia anuncia medidas econ\u00f3micas para enfrentar la emergencia clim\u00e1tica y contener el alza de precios de alimentos"},"content":{"rendered":"\n<p>BOGOT\u00c1, 14 feb (NNN-TELESUR) &#8212; El gobierno de Colombia puso en marcha un paquete de medidas para mitigar los efectos de la emergencia clim\u00e1tica sobre la producci\u00f3n agr\u00edcola y los precios de los alimentos, que incluye l\u00edneas de cr\u00e9dito con inter\u00e9s cero para peque\u00f1os agricultores y el an\u00e1lisis de mecanismos para intervenir en el costo del arrendamiento de tierras, inform\u00f3 el viernes el presidente Gustavo Petro.<\/p>\n\n\n\n<p>Durante una reuni\u00f3n del Consejo de Ministros, el mandatario advirti\u00f3 que el aumento de las lluvias tendr\u00e1 repercusiones prolongadas en el sector agropecuario y podr\u00eda comprometer la seguridad alimentaria si no se adoptan acciones inmediatas. Se\u00f1al\u00f3 que la actual temporada de precipitaciones intensas se extender\u00e1 hasta junio, seguida de un periodo seco en suelos con alta humedad acumulada, lo que complicar\u00e1 los ciclos productivos en regiones estrat\u00e9gicas.<\/p>\n\n\n\n<p>Esta combinaci\u00f3n de factores reducir\u00e1 la capacidad de siembra y cosecha, disminuyendo la oferta de productos b\u00e1sicos y generando presiones inflacionarias, seg\u00fan explic\u00f3 Petro.<\/p>\n\n\n\n<p>Como parte de la respuesta, el Ejecutivo pondr\u00e1 en marcha l\u00edneas de financiamiento con tasa del 0% a trav\u00e9s de entidades p\u00fablicas como Finagro, Banco Agrario y Banc\u00f3ldex, mediante fondos compensatorios respaldados por el Presupuesto General de la Naci\u00f3n. La estrategia busca reducir los costos financieros del sector, estimular la producci\u00f3n y garantizar el suministro durante la contingencia.<\/p>\n\n\n\n<p>El gobierno analiza adem\u00e1s f\u00f3rmulas para intervenir en los elevados precios de arrendamiento de tierras, particularmente en la Costa Caribe, donde estos costos terminan traslad\u00e1ndose al consumidor final. Tambi\u00e9n hizo un llamado a los agricultores de zonas no afectadas por las lluvias para que incrementen su producci\u00f3n y ayuden a equilibrar la oferta nacional.<\/p>\n\n\n\n<p>Petro pidi\u00f3 al Banco de la Rep\u00fablica revisar su pol\u00edtica monetaria para evitar que las tasas de inter\u00e9s elevadas profundicen la crisis en el campo, al limitar la capacidad de los agricultores para financiar insumos y recuperar sus cultivos.<\/p>\n\n\n\n<p>El Ejecutivo sostiene que la efectividad del plan depender\u00e1 de la capacidad institucional para facilitar el acceso al cr\u00e9dito, fortalecer la producci\u00f3n rural y anticiparse a los efectos del cambio clim\u00e1tico en la econom\u00eda agr\u00edcola.<br>&#8212; NNN-TELESUR<\/p>\n","protected":false},"excerpt":{"rendered":"<p>BOGOT\u00c1, 14 feb (NNN-TELESUR) &#8212; El gobierno de Colombia puso en marcha un paquete de medidas para mitigar los efectos de la emergencia clim\u00e1tica sobre la producci\u00f3n agr\u00edcola y los precios de los alimentos, que incluye l\u00edneas de cr\u00e9dito con inter\u00e9s cero para peque\u00f1os agricultores y el an\u00e1lisis de mecanismos para intervenir en el costo [&hellip;]<\/p>\n","protected":false},"author":2,"featured_media":0,"comment_status":"closed","ping_status":"closed","sticky":false,"template":"","format":"standard","meta":[],"categories":[215,211],"tags":[],"_links":{"self":[{"href":"http:\/\/www.namnewsnetwork.org\/es\/index.php?rest_route=\/wp\/v2\/posts\/145484"}],"collection":[{"href":"http:\/\/www.namnewsnetwork.org\/es\/index.php?rest_route=\/wp\/v2\/posts"}],"about":[{"href":"http:\/\/www.namnewsnetwork.org\/es\/index.php?rest_route=\/wp\/v2\/types\/post"}],"author":[{"embeddable":true,"href":"http:\/\/www.namnewsnetwork.org\/es\/index.php?rest_route=\/wp\/v2\/users\/2"}],"replies":[{"embeddable":true,"href":"http:\/\/www.namnewsnetwork.org\/es\/index.php?rest_route=%2Fwp%2Fv2%2Fcomments&post=145484"}],"version-history":[{"count":2,"href":"http:\/\/www.namnewsnetwork.org\/es\/index.php?rest_route=\/wp\/v2\/posts\/145484\/revisions"}],"predecessor-version":[{"id":145532,"href":"http:\/\/www.namnewsnetwork.org\/es\/index.php?rest_route=\/wp\/v2\/posts\/145484\/revisions\/145532"}],"wp:attachment":[{"href":"http:\/\/www.namnewsnetwork.org\/es\/index.php?rest_route=%2Fwp%2Fv2%2Fmedia&parent=145484"}],"wp:term":[{"taxonomy":"category","embeddable":true,"href":"http:\/\/www.namnewsnetwork.org\/es\/index.php?rest_route=%2Fwp%2Fv2%2Fcategories&post=145484"},{"taxonomy":"post_tag","embeddable":true,"href":"http:\/\/www.namnewsnetwork.org\/es\/index.php?rest_route=%2Fwp%2Fv2%2Ftags&post=145484"}],"curies":[{"name":"wp","href":"https:\/\/api.w.org\/{rel}","templated":true}]}}