{"id":145482,"date":"2026-02-14T10:52:59","date_gmt":"2026-02-14T02:52:59","guid":{"rendered":"http:\/\/www.namnewsnetwork.org\/es\/?p=145482"},"modified":"2026-02-14T10:53:03","modified_gmt":"2026-02-14T02:53:03","slug":"onu-advierte-que-la-crisis-energetica-en-cuba-pone-en-riesgo-servicios-esenciales-y-derechos-humanos","status":"publish","type":"post","link":"http:\/\/www.namnewsnetwork.org\/es\/?p=145482","title":{"rendered":"ONU advierte que la crisis energ\u00e9tica en Cuba pone en riesgo servicios esenciales y derechos humanos"},"content":{"rendered":"\n<p>NACIONES UNIDAS, 14 feb (NNN-UNIS) &#8212; La Oficina del Alto Comisionado de las Naciones Unidas para los Derechos Humanos (ACNUDH) expres\u00f3 el jueves su preocupaci\u00f3n por el impacto de la crisis energ\u00e9tica en Cuba, que est\u00e1 poniendo en riesgo servicios esenciales como la salud, el abastecimiento de agua y la distribuci\u00f3n de alimentos en todo el pa\u00eds.Una imagen cotidiana de La Habana. (Foto: ONU Noticias)<\/p>\n\n\n\n<div class=\"wp-block-image\"><figure class=\"aligncenter size-large\"><img loading=\"lazy\" width=\"1024\" height=\"640\" src=\"http:\/\/www.namnewsnetwork.org\/es\/wp-content\/uploads\/2026\/02\/La-crisis-energetica-en-Cuba-pone-en-riesgo-los-servicios-esenciales-en-todo-el-pais-1024x640.jpg\" alt=\"\" class=\"wp-image-145514\" srcset=\"http:\/\/www.namnewsnetwork.org\/es\/wp-content\/uploads\/2026\/02\/La-crisis-energetica-en-Cuba-pone-en-riesgo-los-servicios-esenciales-en-todo-el-pais-1024x640.jpg 1024w, http:\/\/www.namnewsnetwork.org\/es\/wp-content\/uploads\/2026\/02\/La-crisis-energetica-en-Cuba-pone-en-riesgo-los-servicios-esenciales-en-todo-el-pais-300x188.jpg 300w, http:\/\/www.namnewsnetwork.org\/es\/wp-content\/uploads\/2026\/02\/La-crisis-energetica-en-Cuba-pone-en-riesgo-los-servicios-esenciales-en-todo-el-pais-768x480.jpg 768w, http:\/\/www.namnewsnetwork.org\/es\/wp-content\/uploads\/2026\/02\/La-crisis-energetica-en-Cuba-pone-en-riesgo-los-servicios-esenciales-en-todo-el-pais.jpg 1110w\" sizes=\"(max-width: 1024px) 100vw, 1024px\" \/><figcaption><em><sup>Una imagen cotidiana de La Habana. (Foto: ONU Noticias)<\/sup><\/em><\/figcaption><\/figure><\/div>\n\n\n\n<p>En una conferencia de prensa en Ginebra, la portavoz Marta Hurtado advirti\u00f3 que la escasez de combustible &#8220;est\u00e1 poniendo en riesgo servicios esenciales en todo el pa\u00eds&#8221;. La situaci\u00f3n, explic\u00f3, es resultado de m\u00faltiples factores: el embargo financiero y comercial de d\u00e9cadas, fen\u00f3menos meteorol\u00f3gicos extremos y las recientes medidas de Estados Unidos que restringen los env\u00edos de petr\u00f3leo a la isla.<\/p>\n\n\n\n<p>Hurtado subray\u00f3 que los hospitales enfrentan serias limitaciones operativas. &#8220;Las unidades de cuidados intensivos y los servicios de urgencias se encuentran comprometidos, as\u00ed como la producci\u00f3n y conservaci\u00f3n de vacunas, hemoderivados y medicamentos que requieren refrigeraci\u00f3n constante&#8221;, detall\u00f3.<\/p>\n\n\n\n<p>Los apagones tambi\u00e9n dificultan el suministro de agua, ya que m\u00e1s del 80% de los equipos de bombeo dependen de la electricidad. Ello restringe el acceso a agua potable y afecta las condiciones de saneamiento e higiene.<\/p>\n\n\n\n<p>En el \u00e1mbito alimentario, la falta de combustible altera el sistema de racionamiento y la distribuci\u00f3n de la canasta b\u00e1sica. Los sectores m\u00e1s vulnerables \u2014beneficiarios de programas sociales como la alimentaci\u00f3n escolar, centros de atenci\u00f3n a embarazadas y residencias de ancianos\u2014 son los m\u00e1s afectados por el desabastecimiento.<\/p>\n\n\n\n<p>La ACNUDH record\u00f3 que el acceso a bienes y servicios esenciales (alimentos, agua, medicamentos, combustible y electricidad) es fundamental para garantizar el derecho a la vida y otros derechos humanos b\u00e1sicos. Alert\u00f3 adem\u00e1s de que las sanciones prolongadas generan dificultades econ\u00f3micas que debilitan la capacidad del Estado para cumplir sus obligaciones de protecci\u00f3n y asistencia, aumentando el riesgo de tensiones sociales.<\/p>\n\n\n\n<p>El Alto Comisionado, Volker T\u00fcrk, reiter\u00f3 su llamado a todos los Estados para que revisen y levanten las medidas unilaterales que afectan de manera amplia e indiscriminada a la poblaci\u00f3n. &#8220;Los objetivos pol\u00edticos no pueden justificar acciones que vulneren los derechos humanos&#8221;, subray\u00f3.<br>&#8212; NNN-UNIS<\/p>\n","protected":false},"excerpt":{"rendered":"<p>NACIONES UNIDAS, 14 feb (NNN-UNIS) &#8212; La Oficina del Alto Comisionado de las Naciones Unidas para los Derechos Humanos (ACNUDH) expres\u00f3 el jueves su preocupaci\u00f3n por el impacto de la crisis energ\u00e9tica en Cuba, que est\u00e1 poniendo en riesgo servicios esenciales como la salud, el abastecimiento de agua y la distribuci\u00f3n de alimentos en todo [&hellip;]<\/p>\n","protected":false},"author":2,"featured_media":145514,"comment_status":"closed","ping_status":"closed","sticky":false,"template":"","format":"standard","meta":[],"categories":[215,277,211],"tags":[],"_links":{"self":[{"href":"http:\/\/www.namnewsnetwork.org\/es\/index.php?rest_route=\/wp\/v2\/posts\/145482"}],"collection":[{"href":"http:\/\/www.namnewsnetwork.org\/es\/index.php?rest_route=\/wp\/v2\/posts"}],"about":[{"href":"http:\/\/www.namnewsnetwork.org\/es\/index.php?rest_route=\/wp\/v2\/types\/post"}],"author":[{"embeddable":true,"href":"http:\/\/www.namnewsnetwork.org\/es\/index.php?rest_route=\/wp\/v2\/users\/2"}],"replies":[{"embeddable":true,"href":"http:\/\/www.namnewsnetwork.org\/es\/index.php?rest_route=%2Fwp%2Fv2%2Fcomments&post=145482"}],"version-history":[{"count":3,"href":"http:\/\/www.namnewsnetwork.org\/es\/index.php?rest_route=\/wp\/v2\/posts\/145482\/revisions"}],"predecessor-version":[{"id":145519,"href":"http:\/\/www.namnewsnetwork.org\/es\/index.php?rest_route=\/wp\/v2\/posts\/145482\/revisions\/145519"}],"wp:featuredmedia":[{"embeddable":true,"href":"http:\/\/www.namnewsnetwork.org\/es\/index.php?rest_route=\/wp\/v2\/media\/145514"}],"wp:attachment":[{"href":"http:\/\/www.namnewsnetwork.org\/es\/index.php?rest_route=%2Fwp%2Fv2%2Fmedia&parent=145482"}],"wp:term":[{"taxonomy":"category","embeddable":true,"href":"http:\/\/www.namnewsnetwork.org\/es\/index.php?rest_route=%2Fwp%2Fv2%2Fcategories&post=145482"},{"taxonomy":"post_tag","embeddable":true,"href":"http:\/\/www.namnewsnetwork.org\/es\/index.php?rest_route=%2Fwp%2Fv2%2Ftags&post=145482"}],"curies":[{"name":"wp","href":"https:\/\/api.w.org\/{rel}","templated":true}]}}