{"id":145476,"date":"2026-02-14T10:55:31","date_gmt":"2026-02-14T02:55:31","guid":{"rendered":"http:\/\/www.namnewsnetwork.org\/es\/?p=145476"},"modified":"2026-02-14T10:55:35","modified_gmt":"2026-02-14T02:55:35","slug":"el-reclutamiento-de-ninos-por-grupos-armados-en-colombia-se-cuadruplico-en-cinco-anos-alerta-unicef","status":"publish","type":"post","link":"http:\/\/www.namnewsnetwork.org\/es\/?p=145476","title":{"rendered":"El reclutamiento de ni\u00f1os por grupos armados en Colombia se cuadruplic\u00f3 en cinco a\u00f1os, alerta UNICEF"},"content":{"rendered":"\n<p>NACIONES UNIDAS, 14 feb (NNN-UNIS) &#8212; El n\u00famero de ni\u00f1os reclutados por grupos armados en Colombia aument\u00f3 un 300% en los \u00faltimos cinco a\u00f1os, seg\u00fan casos verificados por Naciones Unidas, lo que equivale a un menor reclutado cada 20 horas durante 2024, inform\u00f3 el jueves el Fondo de las Naciones Unidas para la Infancia (UNICEF).<\/p>\n\n\n\n<div class=\"wp-block-image\"><figure class=\"aligncenter size-large\"><img loading=\"lazy\" width=\"1024\" height=\"640\" src=\"http:\/\/www.namnewsnetwork.org\/es\/wp-content\/uploads\/2026\/02\/Colombia-El-reclutamiento-de-ninos-por-grupos-armados-se-cuadruplico-en-cinco-anos-1024x640.jpg\" alt=\"\" class=\"wp-image-145520\" srcset=\"http:\/\/www.namnewsnetwork.org\/es\/wp-content\/uploads\/2026\/02\/Colombia-El-reclutamiento-de-ninos-por-grupos-armados-se-cuadruplico-en-cinco-anos-1024x640.jpg 1024w, http:\/\/www.namnewsnetwork.org\/es\/wp-content\/uploads\/2026\/02\/Colombia-El-reclutamiento-de-ninos-por-grupos-armados-se-cuadruplico-en-cinco-anos-300x188.jpg 300w, http:\/\/www.namnewsnetwork.org\/es\/wp-content\/uploads\/2026\/02\/Colombia-El-reclutamiento-de-ninos-por-grupos-armados-se-cuadruplico-en-cinco-anos-768x480.jpg 768w, http:\/\/www.namnewsnetwork.org\/es\/wp-content\/uploads\/2026\/02\/Colombia-El-reclutamiento-de-ninos-por-grupos-armados-se-cuadruplico-en-cinco-anos.jpg 1110w\" sizes=\"(max-width: 1024px) 100vw, 1024px\" \/><figcaption><em><sup>Albergue temporal para desplazados en Oca\u00f1a, Colombia. (Foto: UNICEF\/Lara)<\/sup><\/em><\/figcaption><\/figure><\/div>\n\n\n\n<p>La representante de UNICEF en Colombia, Tanya Chapuisat, advirti\u00f3 que &#8220;los ni\u00f1os en Colombia no solo quedan atrapados en el fuego cruzado, tambi\u00e9n son reclutados o utilizados activamente por grupos armados durante a\u00f1os. El impacto en ellos y sus familias es devastador&#8221;.<\/p>\n\n\n\n<p>El incremento responde a m\u00faltiples factores: la intensificaci\u00f3n de la violencia, la pobreza generalizada, la falta de acceso a la educaci\u00f3n y la escasez de infraestructura y servicios b\u00e1sicos, especialmente en zonas rurales. Con frecuencia, los menores son coaccionados para ayudar a sus familias, escapar de la violencia dom\u00e9stica o bajo amenazas directas. Muchos son reclutados tras ser separados de sus cuidadores, lo que los deja sin protecci\u00f3n ni opciones de supervivencia.<\/p>\n\n\n\n<p>UNICEF alert\u00f3 que los grupos armados utilizan cada vez m\u00e1s las redes sociales para captar ni\u00f1os mediante falsas promesas de una vida mejor y empleo. Una vez dentro de la estructura armada, no se les permite salir.<\/p>\n\n\n\n<p>La agencia de la ONU trabaja en la prevenci\u00f3n mediante un enfoque que prioriza el acceso de ni\u00f1os y adolescentes a servicios esenciales dentro de sus familias y comunidades, en colaboraci\u00f3n con instituciones nacionales y locales. El objetivo es garantizar educaci\u00f3n, protecci\u00f3n y oportunidades que reduzcan su exposici\u00f3n a la violencia y al reclutamiento.<\/p>\n\n\n\n<p>Chapuisat hizo un llamamiento a una &#8220;acci\u00f3n urgente para proteger a la infancia del reclutamiento, la violencia sexual y otras violaciones graves, as\u00ed como del impacto de eventos traum\u00e1ticos que pueden durar toda la vida&#8221;.<\/p>\n\n\n\n<p>El reclutamiento y la utilizaci\u00f3n de ni\u00f1os constituyen una violaci\u00f3n grave de sus derechos y est\u00e1n prohibidos por el derecho internacional humanitario y el derecho internacional de los derechos humanos.<br>&#8212; NNN-UNIS<\/p>\n","protected":false},"excerpt":{"rendered":"<p>NACIONES UNIDAS, 14 feb (NNN-UNIS) &#8212; El n\u00famero de ni\u00f1os reclutados por grupos armados en Colombia aument\u00f3 un 300% en los \u00faltimos cinco a\u00f1os, seg\u00fan casos verificados por Naciones Unidas, lo que equivale a un menor reclutado cada 20 horas durante 2024, inform\u00f3 el jueves el Fondo de las Naciones Unidas para la Infancia (UNICEF). [&hellip;]<\/p>\n","protected":false},"author":2,"featured_media":145520,"comment_status":"closed","ping_status":"closed","sticky":false,"template":"","format":"standard","meta":[],"categories":[215,211,273],"tags":[],"_links":{"self":[{"href":"http:\/\/www.namnewsnetwork.org\/es\/index.php?rest_route=\/wp\/v2\/posts\/145476"}],"collection":[{"href":"http:\/\/www.namnewsnetwork.org\/es\/index.php?rest_route=\/wp\/v2\/posts"}],"about":[{"href":"http:\/\/www.namnewsnetwork.org\/es\/index.php?rest_route=\/wp\/v2\/types\/post"}],"author":[{"embeddable":true,"href":"http:\/\/www.namnewsnetwork.org\/es\/index.php?rest_route=\/wp\/v2\/users\/2"}],"replies":[{"embeddable":true,"href":"http:\/\/www.namnewsnetwork.org\/es\/index.php?rest_route=%2Fwp%2Fv2%2Fcomments&post=145476"}],"version-history":[{"count":3,"href":"http:\/\/www.namnewsnetwork.org\/es\/index.php?rest_route=\/wp\/v2\/posts\/145476\/revisions"}],"predecessor-version":[{"id":145521,"href":"http:\/\/www.namnewsnetwork.org\/es\/index.php?rest_route=\/wp\/v2\/posts\/145476\/revisions\/145521"}],"wp:featuredmedia":[{"embeddable":true,"href":"http:\/\/www.namnewsnetwork.org\/es\/index.php?rest_route=\/wp\/v2\/media\/145520"}],"wp:attachment":[{"href":"http:\/\/www.namnewsnetwork.org\/es\/index.php?rest_route=%2Fwp%2Fv2%2Fmedia&parent=145476"}],"wp:term":[{"taxonomy":"category","embeddable":true,"href":"http:\/\/www.namnewsnetwork.org\/es\/index.php?rest_route=%2Fwp%2Fv2%2Fcategories&post=145476"},{"taxonomy":"post_tag","embeddable":true,"href":"http:\/\/www.namnewsnetwork.org\/es\/index.php?rest_route=%2Fwp%2Fv2%2Ftags&post=145476"}],"curies":[{"name":"wp","href":"https:\/\/api.w.org\/{rel}","templated":true}]}}