{"id":145474,"date":"2026-02-14T10:33:15","date_gmt":"2026-02-14T02:33:15","guid":{"rendered":"http:\/\/www.namnewsnetwork.org\/es\/?p=145474"},"modified":"2026-02-14T10:33:29","modified_gmt":"2026-02-14T02:33:29","slug":"bielorrusia-y-brasil-acuerdan-profundizar-el-dialogo-bilateral-y-la-cooperacion-analitica","status":"publish","type":"post","link":"http:\/\/www.namnewsnetwork.org\/es\/?p=145474","title":{"rendered":"Bielorrusia y Brasil acuerdan profundizar el di\u00e1logo bilateral y la cooperaci\u00f3n anal\u00edtica"},"content":{"rendered":"\n<p>MINSK, 14 feb (NNN-BELTA) &#8212; El embajador de Bielorrusia en Brasil, Andr\u00e9i Andr\u00e9yev, se reuni\u00f3 con el presidente de la Fundaci\u00f3n Alexandre de Gusm\u00e3o (FUNAG), Rafael Azeredo, para abordar el estado actual de las relaciones bilaterales y las perspectivas de cooperaci\u00f3n en foros multilaterales como la ONU y los BRICS, inform\u00f3 el viernes la embajada bielorrusa.<\/p>\n\n\n\n<div class=\"wp-block-image\"><figure class=\"aligncenter size-large\"><img loading=\"lazy\" width=\"1024\" height=\"640\" src=\"http:\/\/www.namnewsnetwork.org\/es\/wp-content\/uploads\/2026\/02\/Belarus-y-Brasil-tienen-la-intencion-de-profundizar-el-dialogo-1024x640.jpg\" alt=\"\" class=\"wp-image-145510\" srcset=\"http:\/\/www.namnewsnetwork.org\/es\/wp-content\/uploads\/2026\/02\/Belarus-y-Brasil-tienen-la-intencion-de-profundizar-el-dialogo-1024x640.jpg 1024w, http:\/\/www.namnewsnetwork.org\/es\/wp-content\/uploads\/2026\/02\/Belarus-y-Brasil-tienen-la-intencion-de-profundizar-el-dialogo-300x188.jpg 300w, http:\/\/www.namnewsnetwork.org\/es\/wp-content\/uploads\/2026\/02\/Belarus-y-Brasil-tienen-la-intencion-de-profundizar-el-dialogo-768x480.jpg 768w, http:\/\/www.namnewsnetwork.org\/es\/wp-content\/uploads\/2026\/02\/Belarus-y-Brasil-tienen-la-intencion-de-profundizar-el-dialogo.jpg 1110w\" sizes=\"(max-width: 1024px) 100vw, 1024px\" \/><figcaption>Rafael Azeredo y Andr\u00e9i Andr\u00e9yev. (Foto: Embajada de Bielorrusia en Brasil)<\/figcaption><\/figure><\/div>\n\n\n\n<p>Durante el encuentro, el diplom\u00e1tico expuso la posici\u00f3n de Minsk ante los desaf\u00edos globales y destac\u00f3 las iniciativas de paz del presidente Aleksandr Lukashenko orientadas a la resoluci\u00f3n de crisis y la construcci\u00f3n de una arquitectura de seguridad sostenible.<\/p>\n\n\n\n<p>Ambas partes acordaron establecer una cooperaci\u00f3n anal\u00edtica de expertos a trav\u00e9s de los ministerios de Relaciones Exteriores y las estructuras de investigaci\u00f3n nacionales, con la participaci\u00f3n del Instituto de Investigaciones Estrat\u00e9gicas de Bielorrusia.<\/p>\n\n\n\n<p>La FUNAG, principal estructura estatal de planificaci\u00f3n estrat\u00e9gica dependiente del organismo de pol\u00edtica exterior brasile\u00f1o, desempe\u00f1a un papel clave en la formaci\u00f3n de la agenda diplom\u00e1tica nacional. La fundaci\u00f3n lleva el nombre del diplom\u00e1tico luso-brasile\u00f1o del siglo XVIII Alexandre de Gusm\u00e3o, considerado arquitecto de parte significativa de las fronteras del Brasil moderno.<br>&#8212; NNN-BELTA<\/p>\n","protected":false},"excerpt":{"rendered":"<p>MINSK, 14 feb (NNN-BELTA) &#8212; El embajador de Bielorrusia en Brasil, Andr\u00e9i Andr\u00e9yev, se reuni\u00f3 con el presidente de la Fundaci\u00f3n Alexandre de Gusm\u00e3o (FUNAG), Rafael Azeredo, para abordar el estado actual de las relaciones bilaterales y las perspectivas de cooperaci\u00f3n en foros multilaterales como la ONU y los BRICS, inform\u00f3 el viernes la embajada [&hellip;]<\/p>\n","protected":false},"author":2,"featured_media":145510,"comment_status":"closed","ping_status":"closed","sticky":false,"template":"","format":"standard","meta":[],"categories":[215,277,210,211],"tags":[],"_links":{"self":[{"href":"http:\/\/www.namnewsnetwork.org\/es\/index.php?rest_route=\/wp\/v2\/posts\/145474"}],"collection":[{"href":"http:\/\/www.namnewsnetwork.org\/es\/index.php?rest_route=\/wp\/v2\/posts"}],"about":[{"href":"http:\/\/www.namnewsnetwork.org\/es\/index.php?rest_route=\/wp\/v2\/types\/post"}],"author":[{"embeddable":true,"href":"http:\/\/www.namnewsnetwork.org\/es\/index.php?rest_route=\/wp\/v2\/users\/2"}],"replies":[{"embeddable":true,"href":"http:\/\/www.namnewsnetwork.org\/es\/index.php?rest_route=%2Fwp%2Fv2%2Fcomments&post=145474"}],"version-history":[{"count":2,"href":"http:\/\/www.namnewsnetwork.org\/es\/index.php?rest_route=\/wp\/v2\/posts\/145474\/revisions"}],"predecessor-version":[{"id":145511,"href":"http:\/\/www.namnewsnetwork.org\/es\/index.php?rest_route=\/wp\/v2\/posts\/145474\/revisions\/145511"}],"wp:featuredmedia":[{"embeddable":true,"href":"http:\/\/www.namnewsnetwork.org\/es\/index.php?rest_route=\/wp\/v2\/media\/145510"}],"wp:attachment":[{"href":"http:\/\/www.namnewsnetwork.org\/es\/index.php?rest_route=%2Fwp%2Fv2%2Fmedia&parent=145474"}],"wp:term":[{"taxonomy":"category","embeddable":true,"href":"http:\/\/www.namnewsnetwork.org\/es\/index.php?rest_route=%2Fwp%2Fv2%2Fcategories&post=145474"},{"taxonomy":"post_tag","embeddable":true,"href":"http:\/\/www.namnewsnetwork.org\/es\/index.php?rest_route=%2Fwp%2Fv2%2Ftags&post=145474"}],"curies":[{"name":"wp","href":"https:\/\/api.w.org\/{rel}","templated":true}]}}