{"id":145470,"date":"2026-02-14T10:03:22","date_gmt":"2026-02-14T02:03:22","guid":{"rendered":"http:\/\/www.namnewsnetwork.org\/es\/?p=145470"},"modified":"2026-02-14T10:12:17","modified_gmt":"2026-02-14T02:12:17","slug":"asamblea-general-de-la-onu-designa-a-40-expertos-para-el-panel-cientifico-sobre-inteligencia-artificial","status":"publish","type":"post","link":"http:\/\/www.namnewsnetwork.org\/es\/?p=145470","title":{"rendered":"Asamblea General de la ONU designa a 40 expertos para el panel cient\u00edfico sobre inteligencia artificial"},"content":{"rendered":"\n<p>NACIONES UNIDAS, 14 feb (NNN-XINHUA) &#8212; La Asamblea General de Naciones Unidas nombr\u00f3 el mi\u00e9rcoles a los 40 integrantes del Panel Cient\u00edfico Internacional Independiente sobre Inteligencia Artificial (IA), un \u00f3rgano multidisciplinario que ofrecer\u00e1 evaluaciones imparciales sobre las oportunidades y riesgos de esta tecnolog\u00eda, inform\u00f3 la organizaci\u00f3n.<\/p>\n\n\n\n<p>El mandato de los expertos tendr\u00e1 una duraci\u00f3n de tres a\u00f1os, desde el 12 de febrero de 2026 hasta el 11 de febrero de 2029. Los miembros fueron seleccionados entre m\u00e1s de 2.600 candidatos tras un proceso de revisi\u00f3n independiente realizado por la Uni\u00f3n Internacional de Telecomunicaciones, la Oficina de Tecnolog\u00edas Digitales de la ONU y la Unesco.<\/p>\n\n\n\n<p>El secretario general de la ONU, Ant\u00f3nio Guterres, destac\u00f3 que el nombramiento &#8220;constituye un paso fundacional hacia una comprensi\u00f3n cient\u00edfica global de la IA&#8221;. En un comunicado, subray\u00f3 que el panel \u2014geogr\u00e1ficamente diverso y equilibrado en t\u00e9rminos de g\u00e9nero\u2014 actuar\u00e1 a t\u00edtulo personal y proporcionar\u00e1 &#8220;puntos de vista cient\u00edficos rigurosos e independientes&#8221; que permitan a todos los Estados miembros participar en igualdad de condiciones, independientemente de su capacidad tecnol\u00f3gica.<\/p>\n\n\n\n<p>El nuevo \u00f3rgano trabajar\u00e1 en el marco del Di\u00e1logo Global sobre la Gobernanza de la IA y abordar\u00e1 el impacto de esta tecnolog\u00eda en distintos \u00e1mbitos.<br>&#8212; NNN-XINHUA<\/p>\n","protected":false},"excerpt":{"rendered":"<p>NACIONES UNIDAS, 14 feb (NNN-XINHUA) &#8212; La Asamblea General de Naciones Unidas nombr\u00f3 el mi\u00e9rcoles a los 40 integrantes del Panel Cient\u00edfico Internacional Independiente sobre Inteligencia Artificial (IA), un \u00f3rgano multidisciplinario que ofrecer\u00e1 evaluaciones imparciales sobre las oportunidades y riesgos de esta tecnolog\u00eda, inform\u00f3 la organizaci\u00f3n. El mandato de los expertos tendr\u00e1 una duraci\u00f3n de [&hellip;]<\/p>\n","protected":false},"author":2,"featured_media":0,"comment_status":"closed","ping_status":"closed","sticky":false,"template":"","format":"standard","meta":[],"categories":[215,211],"tags":[],"_links":{"self":[{"href":"http:\/\/www.namnewsnetwork.org\/es\/index.php?rest_route=\/wp\/v2\/posts\/145470"}],"collection":[{"href":"http:\/\/www.namnewsnetwork.org\/es\/index.php?rest_route=\/wp\/v2\/posts"}],"about":[{"href":"http:\/\/www.namnewsnetwork.org\/es\/index.php?rest_route=\/wp\/v2\/types\/post"}],"author":[{"embeddable":true,"href":"http:\/\/www.namnewsnetwork.org\/es\/index.php?rest_route=\/wp\/v2\/users\/2"}],"replies":[{"embeddable":true,"href":"http:\/\/www.namnewsnetwork.org\/es\/index.php?rest_route=%2Fwp%2Fv2%2Fcomments&post=145470"}],"version-history":[{"count":2,"href":"http:\/\/www.namnewsnetwork.org\/es\/index.php?rest_route=\/wp\/v2\/posts\/145470\/revisions"}],"predecessor-version":[{"id":145508,"href":"http:\/\/www.namnewsnetwork.org\/es\/index.php?rest_route=\/wp\/v2\/posts\/145470\/revisions\/145508"}],"wp:attachment":[{"href":"http:\/\/www.namnewsnetwork.org\/es\/index.php?rest_route=%2Fwp%2Fv2%2Fmedia&parent=145470"}],"wp:term":[{"taxonomy":"category","embeddable":true,"href":"http:\/\/www.namnewsnetwork.org\/es\/index.php?rest_route=%2Fwp%2Fv2%2Fcategories&post=145470"},{"taxonomy":"post_tag","embeddable":true,"href":"http:\/\/www.namnewsnetwork.org\/es\/index.php?rest_route=%2Fwp%2Fv2%2Ftags&post=145470"}],"curies":[{"name":"wp","href":"https:\/\/api.w.org\/{rel}","templated":true}]}}