{"id":145400,"date":"2026-02-13T12:58:00","date_gmt":"2026-02-13T04:58:00","guid":{"rendered":"http:\/\/www.namnewsnetwork.org\/es\/?p=145400"},"modified":"2026-02-13T12:26:49","modified_gmt":"2026-02-13T04:26:49","slug":"venezuela-e-indonesia-reafirman-alianza-en-materia-comercial-y-energetica","status":"publish","type":"post","link":"http:\/\/www.namnewsnetwork.org\/es\/?p=145400","title":{"rendered":"Venezuela e Indonesia reafirman alianza en materia comercial y energ\u00e9tica"},"content":{"rendered":"\n<p>CARACAS, 13 feb (NNN-AVN) &#8212; Los cancilleres de Venezuela e Indonesia, Yv\u00e1n Gil y Sugiono, ratificaron el jueves la voluntad de profundizar la cooperaci\u00f3n bilateral en los \u00e1mbitos comercial, energ\u00e9tico y productivo, durante una conversaci\u00f3n telef\u00f3nica, inform\u00f3 el ministro venezolano a trav\u00e9s de su canal en Telegram.<\/p>\n\n\n\n<p>&#8220;Reiteramos la importancia de la alianza entre nuestros pueblos en los \u00e1mbitos comercial, energ\u00e9tico y productivo, y coincidimos en seguir construyendo mecanismos de cooperaci\u00f3n de mutuo beneficio&#8221;, precis\u00f3 Gil.<\/p>\n\n\n\n<p>El canciller venezolano transmiti\u00f3 a su hom\u00f3logo indonesio &#8220;el agradecimiento del Gobierno Bolivariano por la firme postura de Indonesia en apoyo a la Carta de las Naciones Unidas y a los principios de soberan\u00eda e independencia de Venezuela&#8221;.<\/p>\n\n\n\n<p>El di\u00e1logo entre ambos jefes de la diplomacia se produce tras el encuentro sostenido en enero por la presidenta encargada, Delcy Rodr\u00edguez, con una delegaci\u00f3n indonesia para avanzar en estrategias conjuntas en el sector energ\u00e9tico, a trav\u00e9s de la estatal Pertamina International Exploration and Production (Piep) .<br>&#8212; NNN-AVN<\/p>\n","protected":false},"excerpt":{"rendered":"<p>CARACAS, 13 feb (NNN-AVN) &#8212; Los cancilleres de Venezuela e Indonesia, Yv\u00e1n Gil y Sugiono, ratificaron el jueves la voluntad de profundizar la cooperaci\u00f3n bilateral en los \u00e1mbitos comercial, energ\u00e9tico y productivo, durante una conversaci\u00f3n telef\u00f3nica, inform\u00f3 el ministro venezolano a trav\u00e9s de su canal en Telegram. &#8220;Reiteramos la importancia de la alianza entre nuestros [&hellip;]<\/p>\n","protected":false},"author":2,"featured_media":145435,"comment_status":"closed","ping_status":"closed","sticky":false,"template":"","format":"standard","meta":[],"categories":[215,277,211],"tags":[],"_links":{"self":[{"href":"http:\/\/www.namnewsnetwork.org\/es\/index.php?rest_route=\/wp\/v2\/posts\/145400"}],"collection":[{"href":"http:\/\/www.namnewsnetwork.org\/es\/index.php?rest_route=\/wp\/v2\/posts"}],"about":[{"href":"http:\/\/www.namnewsnetwork.org\/es\/index.php?rest_route=\/wp\/v2\/types\/post"}],"author":[{"embeddable":true,"href":"http:\/\/www.namnewsnetwork.org\/es\/index.php?rest_route=\/wp\/v2\/users\/2"}],"replies":[{"embeddable":true,"href":"http:\/\/www.namnewsnetwork.org\/es\/index.php?rest_route=%2Fwp%2Fv2%2Fcomments&post=145400"}],"version-history":[{"count":1,"href":"http:\/\/www.namnewsnetwork.org\/es\/index.php?rest_route=\/wp\/v2\/posts\/145400\/revisions"}],"predecessor-version":[{"id":145416,"href":"http:\/\/www.namnewsnetwork.org\/es\/index.php?rest_route=\/wp\/v2\/posts\/145400\/revisions\/145416"}],"wp:featuredmedia":[{"embeddable":true,"href":"http:\/\/www.namnewsnetwork.org\/es\/index.php?rest_route=\/wp\/v2\/media\/145435"}],"wp:attachment":[{"href":"http:\/\/www.namnewsnetwork.org\/es\/index.php?rest_route=%2Fwp%2Fv2%2Fmedia&parent=145400"}],"wp:term":[{"taxonomy":"category","embeddable":true,"href":"http:\/\/www.namnewsnetwork.org\/es\/index.php?rest_route=%2Fwp%2Fv2%2Fcategories&post=145400"},{"taxonomy":"post_tag","embeddable":true,"href":"http:\/\/www.namnewsnetwork.org\/es\/index.php?rest_route=%2Fwp%2Fv2%2Ftags&post=145400"}],"curies":[{"name":"wp","href":"https:\/\/api.w.org\/{rel}","templated":true}]}}