{"id":145212,"date":"2026-02-10T11:50:17","date_gmt":"2026-02-10T03:50:17","guid":{"rendered":"http:\/\/www.namnewsnetwork.org\/es\/?p=145212"},"modified":"2026-02-10T11:50:21","modified_gmt":"2026-02-10T03:50:21","slug":"brasil-lanza-un-programa-para-desarrollar-cinco-corredores-de-integracion-en-sudamerica","status":"publish","type":"post","link":"http:\/\/www.namnewsnetwork.org\/es\/?p=145212","title":{"rendered":"Brasil lanza un programa para desarrollar cinco corredores de integraci\u00f3n en Sudam\u00e9rica"},"content":{"rendered":"\n<p>BRASILIA, 10 feb (NNN-TV BRICS) &#8212; El Gobierno de Brasil oficializ\u00f3 el Programa Rutas de Integraci\u00f3n Sudamericana, una iniciativa destinada a planificar y coordinar acciones que impulsen la integraci\u00f3n de la infraestructura f\u00edsica, digital, social, ambiental y cultural en la regi\u00f3n, con el objetivo de reducir los costos comerciales entre los pa\u00edses y mejorar la conectividad continental, informa teleSUR, socio de TV BRICS.<\/p>\n\n\n\n<p>La iniciativa coordinada por el Ministerio de Planificaci\u00f3n y Presupuesto, busca consolidar a Brasil como un eje log\u00edstico estrat\u00e9gico y fortalecer la cooperaci\u00f3n con organismos hom\u00f3logos de la regi\u00f3n y entidades internacionales para viabilizar proyectos de integraci\u00f3n, as\u00ed como para promover estudios t\u00e9cnicos e investigaciones aplicadas sobre el desarrollo sudamericano.<\/p>\n\n\n\n<p>El programa establece cinco rutas estrat\u00e9gicas de infraestructura: la Ruta Isla de las Guayanas, la Ruta Amaz\u00f3nica, la Ruta Cuadrante Rond\u00f3n, la Ruta Bioce\u00e1nica de Capricornio y la Ruta Bioce\u00e1nica del Sur, conectando distintos estados brasile\u00f1os con pa\u00edses vecinos como Venezuela, Colombia, Per\u00fa, Bolivia, Paraguay, Argentina, Chile y Uruguay, con acceso a los oc\u00e9anos Atl\u00e1ntico y Pac\u00edfico.<\/p>\n\n\n\n<p>Entre sus objetivos principales se encuentra promover la multimodalidad del transporte, la bioceanidad, la unidad geoecon\u00f3mica de Am\u00e9rica del Sur y la integraci\u00f3n de fronteras, todo bajo los principios de gobernanza compartida, responsabilidad socioambiental y planificaci\u00f3n conjunta.<\/p>\n\n\n\n<p>El Gobierno brasile\u00f1o destac\u00f3 que el programa garantizar\u00e1 que las obras y pol\u00edticas derivadas respondan no solo a criterios t\u00e9cnicos y econ\u00f3micos, sino tambi\u00e9n a las necesidades sociales y ambientales de los pueblos de la regi\u00f3n, consolidando a Brasil como un punto clave de articulaci\u00f3n log\u00edstica continental.<br>&#8212; NNN-TV BRICS<br>Texto copiado de https:\/\/tvbrics.com\/es\/news\/brasil-lanza-un-programa-de-cinco-rutas-estrat-gicas-de-integraci-n-sudamericana-\/<\/p>\n","protected":false},"excerpt":{"rendered":"<p>BRASILIA, 10 feb (NNN-TV BRICS) &#8212; El Gobierno de Brasil oficializ\u00f3 el Programa Rutas de Integraci\u00f3n Sudamericana, una iniciativa destinada a planificar y coordinar acciones que impulsen la integraci\u00f3n de la infraestructura f\u00edsica, digital, social, ambiental y cultural en la regi\u00f3n, con el objetivo de reducir los costos comerciales entre los pa\u00edses y mejorar la [&hellip;]<\/p>\n","protected":false},"author":2,"featured_media":0,"comment_status":"closed","ping_status":"closed","sticky":false,"template":"","format":"standard","meta":[],"categories":[215,211],"tags":[],"_links":{"self":[{"href":"http:\/\/www.namnewsnetwork.org\/es\/index.php?rest_route=\/wp\/v2\/posts\/145212"}],"collection":[{"href":"http:\/\/www.namnewsnetwork.org\/es\/index.php?rest_route=\/wp\/v2\/posts"}],"about":[{"href":"http:\/\/www.namnewsnetwork.org\/es\/index.php?rest_route=\/wp\/v2\/types\/post"}],"author":[{"embeddable":true,"href":"http:\/\/www.namnewsnetwork.org\/es\/index.php?rest_route=\/wp\/v2\/users\/2"}],"replies":[{"embeddable":true,"href":"http:\/\/www.namnewsnetwork.org\/es\/index.php?rest_route=%2Fwp%2Fv2%2Fcomments&post=145212"}],"version-history":[{"count":1,"href":"http:\/\/www.namnewsnetwork.org\/es\/index.php?rest_route=\/wp\/v2\/posts\/145212\/revisions"}],"predecessor-version":[{"id":145219,"href":"http:\/\/www.namnewsnetwork.org\/es\/index.php?rest_route=\/wp\/v2\/posts\/145212\/revisions\/145219"}],"wp:attachment":[{"href":"http:\/\/www.namnewsnetwork.org\/es\/index.php?rest_route=%2Fwp%2Fv2%2Fmedia&parent=145212"}],"wp:term":[{"taxonomy":"category","embeddable":true,"href":"http:\/\/www.namnewsnetwork.org\/es\/index.php?rest_route=%2Fwp%2Fv2%2Fcategories&post=145212"},{"taxonomy":"post_tag","embeddable":true,"href":"http:\/\/www.namnewsnetwork.org\/es\/index.php?rest_route=%2Fwp%2Fv2%2Ftags&post=145212"}],"curies":[{"name":"wp","href":"https:\/\/api.w.org\/{rel}","templated":true}]}}