{"id":144840,"date":"2026-02-05T14:27:19","date_gmt":"2026-02-05T06:27:19","guid":{"rendered":"http:\/\/www.namnewsnetwork.org\/es\/?p=144840"},"modified":"2026-02-05T14:27:21","modified_gmt":"2026-02-05T06:27:21","slug":"la-ops-declara-alerta-epidemiologica-en-america-por-un-aumento-de-casos-de-sarampion","status":"publish","type":"post","link":"http:\/\/www.namnewsnetwork.org\/es\/?p=144840","title":{"rendered":"La OPS declara alerta epidemiol\u00f3gica en Am\u00e9rica por un aumento de casos de sarampi\u00f3n"},"content":{"rendered":"\n<p>WASHINGTON, 5 feb (NNN-TELESUR) &#8212; La Organizaci\u00f3n Panamericana de la Salud (OPS) declar\u00f3 el mi\u00e9rcoles alerta epidemiol\u00f3gica en las Am\u00e9ricas. Ante &#8220;persistencia de casos y brotes de Sarampi\u00f3n&#8221;, con 1.031 casos confirmados.<\/p>\n\n\n\n<div class=\"wp-block-image\"><figure class=\"alignleft size-large is-resized\"><img loading=\"lazy\" src=\"http:\/\/www.namnewsnetwork.org\/es\/wp-content\/uploads\/2026\/02\/OPS-declara-alerta-epidemiologica-1024x640.jpeg\" alt=\"\" class=\"wp-image-144880\" width=\"433\" height=\"270\" srcset=\"http:\/\/www.namnewsnetwork.org\/es\/wp-content\/uploads\/2026\/02\/OPS-declara-alerta-epidemiologica-1024x640.jpeg 1024w, http:\/\/www.namnewsnetwork.org\/es\/wp-content\/uploads\/2026\/02\/OPS-declara-alerta-epidemiologica-300x188.jpeg 300w, http:\/\/www.namnewsnetwork.org\/es\/wp-content\/uploads\/2026\/02\/OPS-declara-alerta-epidemiologica-768x480.jpeg 768w, http:\/\/www.namnewsnetwork.org\/es\/wp-content\/uploads\/2026\/02\/OPS-declara-alerta-epidemiologica-556x346.jpeg 556w, http:\/\/www.namnewsnetwork.org\/es\/wp-content\/uploads\/2026\/02\/OPS-declara-alerta-epidemiologica.jpeg 1110w\" sizes=\"(max-width: 433px) 100vw, 433px\" \/><figcaption><em><sup>Foto: OPS<\/sup><\/em><\/figcaption><\/figure><\/div>\n\n\n\n<p>Alert\u00f3 de los riesgos de propagaci\u00f3n del virus durante la Copa Mundial de F\u00fatbol 2026 y otros grandes eventos. &#8220;Este total representa un aumento de 43 veces en comparaci\u00f3n con los 23 casos notificados en el mismo per\u00edodo de 2025&#8221;, dijo la OPS.<\/p>\n\n\n\n<p>Recomend\u00f3 a los pa\u00edses incrementar la sensibilidad de su sistema de vigilancia. En 2025 se reportaron 14.891 casos confirmados de sarampi\u00f3n, incluyendo 29 defunciones en 13 pa\u00edses.<\/p>\n\n\n\n<p>Los pa\u00edses m\u00e1s afectados fueron Canad\u00e1 (5.436 casos), M\u00e9xico (6.428) y Estados Unidos (2.242). Para las primeras tres semanas de 2026, se confirmaron 1.031 casos adicionales en siete pa\u00edses.<\/p>\n\n\n\n<p>M\u00e9xico registr\u00f3 740 casos, Estados Unidos 171 y Canad\u00e1 67 en este per\u00edodo. El 78% de los enfermos confirmados no estaba vacunado.<\/p>\n\n\n\n<p>Se confirmaron mayor cantidad de casos en adolescentes y adultos. Los ni\u00f1os menores de un a\u00f1o son los m\u00e1s vulnerables y tienen las tasas de infecci\u00f3n m\u00e1s altas.<\/p>\n\n\n\n<p>La agencia subray\u00f3 que el sarampi\u00f3n es altamente contagioso, pero prevenible mediante vacunaci\u00f3n. Inst\u00f3 a los pa\u00edses a mejorar los &#8220;niveles de inmunizaci\u00f3n&#8221; y la &#8220;vigilancia en puertos y aeropuertos&#8221;.<\/p>\n\n\n\n<p>A nivel mundial, la OMS inform\u00f3 que durante 2025 se notificaron m\u00e1s de 552.000 casos sospechosos. Cerca de un 45% (247.623) fueron confirmados, reflejando un resurgimiento global de la enfermedad.<br>&#8212; NNN-TELESUR<\/p>\n","protected":false},"excerpt":{"rendered":"<p>WASHINGTON, 5 feb (NNN-TELESUR) &#8212; La Organizaci\u00f3n Panamericana de la Salud (OPS) declar\u00f3 el mi\u00e9rcoles alerta epidemiol\u00f3gica en las Am\u00e9ricas. Ante &#8220;persistencia de casos y brotes de Sarampi\u00f3n&#8221;, con 1.031 casos confirmados. Alert\u00f3 de los riesgos de propagaci\u00f3n del virus durante la Copa Mundial de F\u00fatbol 2026 y otros grandes eventos. &#8220;Este total representa un [&hellip;]<\/p>\n","protected":false},"author":2,"featured_media":144880,"comment_status":"closed","ping_status":"closed","sticky":false,"template":"","format":"standard","meta":[],"categories":[215,211,198,272],"tags":[],"_links":{"self":[{"href":"http:\/\/www.namnewsnetwork.org\/es\/index.php?rest_route=\/wp\/v2\/posts\/144840"}],"collection":[{"href":"http:\/\/www.namnewsnetwork.org\/es\/index.php?rest_route=\/wp\/v2\/posts"}],"about":[{"href":"http:\/\/www.namnewsnetwork.org\/es\/index.php?rest_route=\/wp\/v2\/types\/post"}],"author":[{"embeddable":true,"href":"http:\/\/www.namnewsnetwork.org\/es\/index.php?rest_route=\/wp\/v2\/users\/2"}],"replies":[{"embeddable":true,"href":"http:\/\/www.namnewsnetwork.org\/es\/index.php?rest_route=%2Fwp%2Fv2%2Fcomments&post=144840"}],"version-history":[{"count":2,"href":"http:\/\/www.namnewsnetwork.org\/es\/index.php?rest_route=\/wp\/v2\/posts\/144840\/revisions"}],"predecessor-version":[{"id":144881,"href":"http:\/\/www.namnewsnetwork.org\/es\/index.php?rest_route=\/wp\/v2\/posts\/144840\/revisions\/144881"}],"wp:featuredmedia":[{"embeddable":true,"href":"http:\/\/www.namnewsnetwork.org\/es\/index.php?rest_route=\/wp\/v2\/media\/144880"}],"wp:attachment":[{"href":"http:\/\/www.namnewsnetwork.org\/es\/index.php?rest_route=%2Fwp%2Fv2%2Fmedia&parent=144840"}],"wp:term":[{"taxonomy":"category","embeddable":true,"href":"http:\/\/www.namnewsnetwork.org\/es\/index.php?rest_route=%2Fwp%2Fv2%2Fcategories&post=144840"},{"taxonomy":"post_tag","embeddable":true,"href":"http:\/\/www.namnewsnetwork.org\/es\/index.php?rest_route=%2Fwp%2Fv2%2Ftags&post=144840"}],"curies":[{"name":"wp","href":"https:\/\/api.w.org\/{rel}","templated":true}]}}