{"id":144737,"date":"2026-02-04T09:51:03","date_gmt":"2026-02-04T01:51:03","guid":{"rendered":"http:\/\/www.namnewsnetwork.org\/es\/?p=144737"},"modified":"2026-02-04T09:51:04","modified_gmt":"2026-02-04T01:51:04","slug":"expresidenta-chilena-se-postula-como-candidata-a-secretaria-general-de-la-onu","status":"publish","type":"post","link":"http:\/\/www.namnewsnetwork.org\/es\/?p=144737","title":{"rendered":"Expresidenta chilena se postula como candidata a Secretaria General de la ONU"},"content":{"rendered":"\n<p>NACIONES UNIDAS, 4 feb (NNN-XINHUA) &#8212; La expresidenta chilena Michelle Bachelet fue recomendada como candidata para el cargo de pr\u00f3xima secretaria general de la ONU, indic\u00f3 el lunes la vocera de la presidenta de la Asamblea General de la ONU.<\/p>\n\n\n\n<p>La candidatura de Bachelet fue recomendada por su pa\u00eds, Chile, as\u00ed como por Brasil y M\u00e9xico, dijo la vocera La Neice Collins.<\/p>\n\n\n\n<p>Hasta ahora, el otro candidato para el m\u00e1ximo cargo en la ONU es Rafael Grossi, director general del Organismo Internacional de Energ\u00eda At\u00f3mica.<\/p>\n\n\n\n<p>El per\u00edodo del pr\u00f3ximo secretario general de la ONU comienza el 1 de enero de 2027.<br>&#8212; NNN-XINHUA<\/p>\n","protected":false},"excerpt":{"rendered":"<p>NACIONES UNIDAS, 4 feb (NNN-XINHUA) &#8212; La expresidenta chilena Michelle Bachelet fue recomendada como candidata para el cargo de pr\u00f3xima secretaria general de la ONU, indic\u00f3 el lunes la vocera de la presidenta de la Asamblea General de la ONU. La candidatura de Bachelet fue recomendada por su pa\u00eds, Chile, as\u00ed como por Brasil y [&hellip;]<\/p>\n","protected":false},"author":2,"featured_media":0,"comment_status":"closed","ping_status":"closed","sticky":false,"template":"","format":"standard","meta":[],"categories":[215,211],"tags":[],"_links":{"self":[{"href":"http:\/\/www.namnewsnetwork.org\/es\/index.php?rest_route=\/wp\/v2\/posts\/144737"}],"collection":[{"href":"http:\/\/www.namnewsnetwork.org\/es\/index.php?rest_route=\/wp\/v2\/posts"}],"about":[{"href":"http:\/\/www.namnewsnetwork.org\/es\/index.php?rest_route=\/wp\/v2\/types\/post"}],"author":[{"embeddable":true,"href":"http:\/\/www.namnewsnetwork.org\/es\/index.php?rest_route=\/wp\/v2\/users\/2"}],"replies":[{"embeddable":true,"href":"http:\/\/www.namnewsnetwork.org\/es\/index.php?rest_route=%2Fwp%2Fv2%2Fcomments&post=144737"}],"version-history":[{"count":1,"href":"http:\/\/www.namnewsnetwork.org\/es\/index.php?rest_route=\/wp\/v2\/posts\/144737\/revisions"}],"predecessor-version":[{"id":144759,"href":"http:\/\/www.namnewsnetwork.org\/es\/index.php?rest_route=\/wp\/v2\/posts\/144737\/revisions\/144759"}],"wp:attachment":[{"href":"http:\/\/www.namnewsnetwork.org\/es\/index.php?rest_route=%2Fwp%2Fv2%2Fmedia&parent=144737"}],"wp:term":[{"taxonomy":"category","embeddable":true,"href":"http:\/\/www.namnewsnetwork.org\/es\/index.php?rest_route=%2Fwp%2Fv2%2Fcategories&post=144737"},{"taxonomy":"post_tag","embeddable":true,"href":"http:\/\/www.namnewsnetwork.org\/es\/index.php?rest_route=%2Fwp%2Fv2%2Ftags&post=144737"}],"curies":[{"name":"wp","href":"https:\/\/api.w.org\/{rel}","templated":true}]}}