{"id":144531,"date":"2026-02-01T11:09:36","date_gmt":"2026-02-01T03:09:36","guid":{"rendered":"http:\/\/www.namnewsnetwork.org\/es\/?p=144531"},"modified":"2026-02-01T11:09:38","modified_gmt":"2026-02-01T03:09:38","slug":"sindicatos-argentinos-convocan-un-paro-total-en-los-aeropuertos-en-demanda-del-pago-de-salarios-atrasados","status":"publish","type":"post","link":"http:\/\/www.namnewsnetwork.org\/es\/?p=144531","title":{"rendered":"Sindicatos argentinos convocan un paro total en los aeropuertos en demanda del pago de salarios atrasados"},"content":{"rendered":"\n<p>BUENOS AIRES, 1 feb (NNN-TELESUR) &#8212; La Asociaci\u00f3n Trabajadores del Estado (ATE) anunci\u00f3 para el lunes un paro total en 27 aeropuertos de Argentina. La medida, que generar\u00e1 demoras y cancelaciones de vuelos en medio de las vacaciones de verano en el pa\u00eds sudamericano, responde al atraso en el pago de salarios en la Administraci\u00f3n Nacional de Aviaci\u00f3n Civil (ANAC).<\/p>\n\n\n\n<p>\u201c\u00a1Atrasan el pago de salarios en ANAC y el lunes 2 la ATE va al paro en todos los aeropuertos! \u00a1La demora y cancelaci\u00f3n de vuelos ser\u00e1 exclusiva responsabilidad del Gobierno!\u201d, public\u00f3 en X el secretario general de ATE Nacional, Rodolfo Aguiar.<\/p>\n\n\n\n<p>En un comunicado, el dirigente sindical se\u00f1al\u00f3 que el Gobierno de Javier Milei \u201ctom\u00f3 la incomprensible decisi\u00f3n de dar marcha atr\u00e1s con un incremento salarial ya acordado, reliquidar los haberes y dejar a los trabajadores sin salarios\u201d, por lo que el sindicato entr\u00f3 en asamblea permanente y \u201cen las pr\u00f3ximas horas podr\u00eda iniciar un quite de colaboraci\u00f3n y cese de tareas que afectar\u00edan los servicios en la previa de la medida de fuerza\u201d.<\/p>\n\n\n\n<p>Aguiar advirti\u00f3 que \u201csi no se cumple con las actas firmadas y se cancelan los haberes como corresponde\u201d, desde las 00:00 horas del lunes el paro ser\u00e1 total. La medida abarcar\u00eda a trabajadores del control terrestre, bomberos, sanidad, inspectores, administrativos y otros en m\u00e1s de 27 aeropuertos, \u201cafectando todos los vuelos a excepci\u00f3n de los de Estado, los sanitarios, humanitarios y traslados de \u00f3rganos\u201d.<\/p>\n\n\n\n<p>\u201cDesde ATE no vamos a permitir que la incapacidad e impericia de alg\u00fan dirigente sindical y las presiones pol\u00edticas del Gobierno dejen a los trabajadores sin salarios y sin aumento. La Administraci\u00f3n Nacional de Aviaci\u00f3n Civil (ANAC) y la Secretar\u00eda de Transporte y Empleo P\u00fablico son los responsables exclusivos de este conflicto\u201d, afirm\u00f3 Aguiar.<\/p>\n\n\n\n<p>Remarc\u00f3 que la Administraci\u00f3n Nacional de Aviaci\u00f3n Civil y la Secretar\u00eda de Transporte y Empleo P\u00fablico \u201cson los responsables exclusivos de este conflicto\u201d y les acus\u00f3 de \u201cinsensibles\u201d porque \u201cjuegan con el bolsillo de los trabajadores\u201d.<\/p>\n\n\n\n<p>\u201cEl atraso en el pago de salarios y los incumplimientos en las negociaciones generan inseguridad y m\u00e1s precarizaci\u00f3n en los trabajadores\u201d, denunci\u00f3 y concluy\u00f3: \u201cSin salario no trabajamos; paramos!<\/p>\n\n\n\n<p>Mientras los aeroportuarios van al paro, trascendi\u00f3 que casi 22.000 empleados p\u00fablicos perdieron sus trabajos en el segundo a\u00f1o de gobierno de Javier Milei, una reducci\u00f3n de 7.2% interanual consecuencia de los programas de ajuste de la Administraci\u00f3n de ultraderecha.<\/p>\n\n\n\n<p>Seg\u00fan datos difundidos por el Instituto de Estad\u00edstica y Censos (Indec), con base en datos propios y del Ministerio de Desregulaci\u00f3n y Transformaci\u00f3n del Estado, creado por Milei para ejecutar recortes en la estructura estatal, el Estado argentino emple\u00f3 en diciembre de 2025 a 280.120 personas, 21.742 menos que en el mismo mes de 2024.<\/p>\n\n\n\n<p>A la vista del informe, el ministro de Desregulaci\u00f3n y Transformaci\u00f3n del Estado, Federico Sturzenegger, celebr\u00f3 la reducci\u00f3n del empleo p\u00fablico y dijo en X que \u201cesta motosierra es la que le permiti\u00f3 a Javier Milei y a Luis Caputo [ministro de Econom\u00eda] bajar los impuestos nacionales\u201d.<\/p>\n\n\n\n<p>Un estudio del Centro de Econom\u00eda Pol\u00edtica Argentina (CEPA) revel\u00f3 que los salarios de empleados p\u00fablicos nacionales perdieron un 34.1% de su valor entre noviembre de 2023 (\u00faltimo per\u00edodo previo al inicio de la gesti\u00f3n del ultraderechista Milei) y el mismo mes de 2025.<\/p>\n\n\n\n<p>Mientras Sturzenegger celebraba, el secretario general de la Asociaci\u00f3n de Trabajadores del Estado (ATE, Rodolfo Aguiar, declar\u00f3 que los recortes presupuestarios y despidos han logrado que \u201cel nivel prestacional del sector p\u00fablico el s\u00e1bado en la Argentina est\u00e9 en su piso m\u00ednimo hist\u00f3rico\u201d, provocando una \u201cfenomenal p\u00e9rdida de derechos para todo el pueblo\u201d.<\/p>\n\n\n\n<p>Aguiar advirti\u00f3 que el efecto del ajuste se refleja en que la calidad de la salud y la educaci\u00f3n p\u00fablicas en el pa\u00eds solo se sostiene por el profesionalismo de m\u00e9dicos y docentes, pero que la \u201cdesinversi\u00f3n\u201d es visible. Los recortes de plantillas y presupuestos \u2014se\u00f1al\u00f3\u2014 reflejan una \u201cclara intenci\u00f3n en la Casa Rosada (sede del Ejecutivo) de aumentar las transferencias multimillonarias de recursos desde el sector p\u00fablico al sector privado\u201d.<br>&#8212; NNN-TELESUR<\/p>\n","protected":false},"excerpt":{"rendered":"<p>BUENOS AIRES, 1 feb (NNN-TELESUR) &#8212; La Asociaci\u00f3n Trabajadores del Estado (ATE) anunci\u00f3 para el lunes un paro total en 27 aeropuertos de Argentina. La medida, que generar\u00e1 demoras y cancelaciones de vuelos en medio de las vacaciones de verano en el pa\u00eds sudamericano, responde al atraso en el pago de salarios en la Administraci\u00f3n [&hellip;]<\/p>\n","protected":false},"author":2,"featured_media":0,"comment_status":"closed","ping_status":"closed","sticky":false,"template":"","format":"standard","meta":[],"categories":[215,211],"tags":[],"_links":{"self":[{"href":"http:\/\/www.namnewsnetwork.org\/es\/index.php?rest_route=\/wp\/v2\/posts\/144531"}],"collection":[{"href":"http:\/\/www.namnewsnetwork.org\/es\/index.php?rest_route=\/wp\/v2\/posts"}],"about":[{"href":"http:\/\/www.namnewsnetwork.org\/es\/index.php?rest_route=\/wp\/v2\/types\/post"}],"author":[{"embeddable":true,"href":"http:\/\/www.namnewsnetwork.org\/es\/index.php?rest_route=\/wp\/v2\/users\/2"}],"replies":[{"embeddable":true,"href":"http:\/\/www.namnewsnetwork.org\/es\/index.php?rest_route=%2Fwp%2Fv2%2Fcomments&post=144531"}],"version-history":[{"count":1,"href":"http:\/\/www.namnewsnetwork.org\/es\/index.php?rest_route=\/wp\/v2\/posts\/144531\/revisions"}],"predecessor-version":[{"id":144553,"href":"http:\/\/www.namnewsnetwork.org\/es\/index.php?rest_route=\/wp\/v2\/posts\/144531\/revisions\/144553"}],"wp:attachment":[{"href":"http:\/\/www.namnewsnetwork.org\/es\/index.php?rest_route=%2Fwp%2Fv2%2Fmedia&parent=144531"}],"wp:term":[{"taxonomy":"category","embeddable":true,"href":"http:\/\/www.namnewsnetwork.org\/es\/index.php?rest_route=%2Fwp%2Fv2%2Fcategories&post=144531"},{"taxonomy":"post_tag","embeddable":true,"href":"http:\/\/www.namnewsnetwork.org\/es\/index.php?rest_route=%2Fwp%2Fv2%2Ftags&post=144531"}],"curies":[{"name":"wp","href":"https:\/\/api.w.org\/{rel}","templated":true}]}}