{"id":144464,"date":"2026-01-31T11:08:25","date_gmt":"2026-01-31T03:08:25","guid":{"rendered":"http:\/\/www.namnewsnetwork.org\/es\/?p=144464"},"modified":"2026-01-31T11:08:27","modified_gmt":"2026-01-31T03:08:27","slug":"manifestantes-en-peru-bloquean-la-panamericana-en-protesta-contra-la-privatizacion-de-petroperu","status":"publish","type":"post","link":"http:\/\/www.namnewsnetwork.org\/es\/?p=144464","title":{"rendered":"Manifestantes en Per\u00fa bloquean la Panamericana en protesta contra la privatizaci\u00f3n de Petroper\u00fa"},"content":{"rendered":"\n<p>LIMA, 31 ene (NNN-TELESUR) &#8212; Manifestantes originarios de la provincia de Talara, en el departamento de Piura (norte de Per\u00fa), bloquearon el viernes la carretera Panamericana en se\u00f1al de protesta contra la posible privatizaci\u00f3n de la empresa estatal Petroper\u00fa.<\/p>\n\n\n\n<p>Uno de los manifestantes expres\u00f3 que el pueblo se ha levantado porque el Gobierno quiere confundir a la gente tratando de hacerle creer que Petroper\u00fa no sirve. \u00abPetroper\u00fa s\u00ed sirve; la refiner\u00eda de Talara sirve\u00bb, aleg\u00f3.<\/p>\n\n\n\n<p>Adem\u00e1s, advirti\u00f3 sobre un posible aumento en los precios de los combustibles si la empresa pasa a manos privadas, aclarando que no se oponen a una reestructuraci\u00f3n, pero s\u00ed rechazan una privatizaci\u00f3n.<\/p>\n\n\n\n<p>Petroper\u00fa es una compa\u00f1\u00eda clave en el sector energ\u00e9tico peruano, dedicada al transporte, refinaci\u00f3n, distribuci\u00f3n y comercializaci\u00f3n de combustibles y derivados del petr\u00f3leo. Uno de sus activos m\u00e1s importantes es precisamente la refiner\u00eda ubicada en Talara, la cual es central en las operaciones de la empresa.<\/p>\n\n\n\n<p>Las protestas se intensificaron desde inicios de enero, tras la emisi\u00f3n de un decreto de urgencia para reestructurar la empresa, mediante concesiones o asociaciones p\u00fablico-privadas.<\/p>\n\n\n\n<p>Frente a las acusaciones de los manifestantes, la administraci\u00f3n del presidente Jos\u00e9 Jer\u00ed ha negado de manera enf\u00e1tica que se busque una privatizaci\u00f3n total de Petroper\u00fa. Sin embargo, el Ministerio de Econom\u00eda y Finanzas (MEF) ha alegado, al apostar por la privatizaci\u00f3n de un recurso p\u00fablico, que las medidas dispuestas para la reestructuraci\u00f3n y la puesta en valor de los activos de Petroper\u00fa han generado una respuesta positiva en el mercado financiero internacional y representan una ruta clara y atractiva para los inversionistas.<\/p>\n\n\n\n<p>\u201cLa implementaci\u00f3n del Decreto de Urgencia N\u00b0 010-2025, que establece medidas para la reestructuraci\u00f3n y puesta en valor de los activos de Petroper\u00fa, ha generado una respuesta positiva en el mercado financiero internacional\u201d, reiter\u00f3.<\/p>\n\n\n\n<p>De acuerdo al economista y expresidente de Petroper\u00fa, Alejandro Narv\u00e1ez Liceras \u00abm\u00e1s que una crisis insuperable, lo que existe es una tensi\u00f3n financiera t\u00edpica de empresas intensivas en capital, agravada por decisiones de gesti\u00f3n deficientes anteriores al 2025 y por una narrativa pol\u00edtica que busca justificar la fragmentaci\u00f3n patrimonial y, en \u00faltima instancia, la privatizaci\u00f3n encubierta de activos estrat\u00e9gicos\u00ab.<\/p>\n\n\n\n<p>De igual manera insiste que el an\u00e1lisis de los estados financieros intermedios al 30 de septiembre de 2025 de Petroper\u00fa, presentados a la Superintendencia del Mercado de Valores (SMV), y las declaraciones de parte de representantes del Ejecutivo, revelan contradicciones profundas entre los motivos oficiales y la realidad financiera de la empresa.<\/p>\n\n\n\n<p>El Gobierno ha intentado crear una narrativa donde se atribuye a Petroper\u00fa una situaci\u00f3n de insolvencia t\u00e9cnica de corto plazo para justificar la privatizaci\u00f3n.<br>&#8212; NNN-TELESUR<\/p>\n","protected":false},"excerpt":{"rendered":"<p>LIMA, 31 ene (NNN-TELESUR) &#8212; Manifestantes originarios de la provincia de Talara, en el departamento de Piura (norte de Per\u00fa), bloquearon el viernes la carretera Panamericana en se\u00f1al de protesta contra la posible privatizaci\u00f3n de la empresa estatal Petroper\u00fa. Uno de los manifestantes expres\u00f3 que el pueblo se ha levantado porque el Gobierno quiere confundir [&hellip;]<\/p>\n","protected":false},"author":2,"featured_media":0,"comment_status":"closed","ping_status":"closed","sticky":false,"template":"","format":"standard","meta":[],"categories":[215,211],"tags":[],"_links":{"self":[{"href":"http:\/\/www.namnewsnetwork.org\/es\/index.php?rest_route=\/wp\/v2\/posts\/144464"}],"collection":[{"href":"http:\/\/www.namnewsnetwork.org\/es\/index.php?rest_route=\/wp\/v2\/posts"}],"about":[{"href":"http:\/\/www.namnewsnetwork.org\/es\/index.php?rest_route=\/wp\/v2\/types\/post"}],"author":[{"embeddable":true,"href":"http:\/\/www.namnewsnetwork.org\/es\/index.php?rest_route=\/wp\/v2\/users\/2"}],"replies":[{"embeddable":true,"href":"http:\/\/www.namnewsnetwork.org\/es\/index.php?rest_route=%2Fwp%2Fv2%2Fcomments&post=144464"}],"version-history":[{"count":1,"href":"http:\/\/www.namnewsnetwork.org\/es\/index.php?rest_route=\/wp\/v2\/posts\/144464\/revisions"}],"predecessor-version":[{"id":144473,"href":"http:\/\/www.namnewsnetwork.org\/es\/index.php?rest_route=\/wp\/v2\/posts\/144464\/revisions\/144473"}],"wp:attachment":[{"href":"http:\/\/www.namnewsnetwork.org\/es\/index.php?rest_route=%2Fwp%2Fv2%2Fmedia&parent=144464"}],"wp:term":[{"taxonomy":"category","embeddable":true,"href":"http:\/\/www.namnewsnetwork.org\/es\/index.php?rest_route=%2Fwp%2Fv2%2Fcategories&post=144464"},{"taxonomy":"post_tag","embeddable":true,"href":"http:\/\/www.namnewsnetwork.org\/es\/index.php?rest_route=%2Fwp%2Fv2%2Ftags&post=144464"}],"curies":[{"name":"wp","href":"https:\/\/api.w.org\/{rel}","templated":true}]}}