{"id":144452,"date":"2026-01-31T11:04:43","date_gmt":"2026-01-31T03:04:43","guid":{"rendered":"http:\/\/www.namnewsnetwork.org\/es\/?p=144452"},"modified":"2026-01-31T11:04:45","modified_gmt":"2026-01-31T03:04:45","slug":"la-corte-constitucional-de-colombia-suspende-decretos-de-emergencia-economica-del-gobierno","status":"publish","type":"post","link":"http:\/\/www.namnewsnetwork.org\/es\/?p=144452","title":{"rendered":"La Corte Constitucional de Colombia suspende decretos de emergencia econ\u00f3mica del gobierno"},"content":{"rendered":"\n<p>BOGOT\u00c1, 31 ene (NNN-TELESUR) &#8212; La Corte Constitucional de Colombia suspendi\u00f3 de manera provisional el Decreto 1390 de 2025, con el cual el Gobierno del presidente Gustavo Petro hab\u00eda declarado la emergencia econ\u00f3mica y social. Esta medida detuvo la aplicaci\u00f3n inmediata de nuevos tributos que buscaban recaudar recursos adicionales para el presupuesto nacional de 2026.<\/p>\n\n\n\n<div class=\"wp-block-image\"><figure class=\"alignleft size-large is-resized\"><img loading=\"lazy\" src=\"http:\/\/www.namnewsnetwork.org\/es\/wp-content\/uploads\/2026\/01\/Corte-Constitucional-suspende-decreto-de-emergencia-economica-en-Colombia-1024x640.jpg\" alt=\"\" class=\"wp-image-144493\" width=\"431\" height=\"269\" srcset=\"http:\/\/www.namnewsnetwork.org\/es\/wp-content\/uploads\/2026\/01\/Corte-Constitucional-suspende-decreto-de-emergencia-economica-en-Colombia-1024x640.jpg 1024w, http:\/\/www.namnewsnetwork.org\/es\/wp-content\/uploads\/2026\/01\/Corte-Constitucional-suspende-decreto-de-emergencia-economica-en-Colombia-300x188.jpg 300w, http:\/\/www.namnewsnetwork.org\/es\/wp-content\/uploads\/2026\/01\/Corte-Constitucional-suspende-decreto-de-emergencia-economica-en-Colombia-768x480.jpg 768w, http:\/\/www.namnewsnetwork.org\/es\/wp-content\/uploads\/2026\/01\/Corte-Constitucional-suspende-decreto-de-emergencia-economica-en-Colombia-556x346.jpg 556w, http:\/\/www.namnewsnetwork.org\/es\/wp-content\/uploads\/2026\/01\/Corte-Constitucional-suspende-decreto-de-emergencia-economica-en-Colombia.jpg 1110w\" sizes=\"(max-width: 431px) 100vw, 431px\" \/><figcaption><em><sup>Foto: Anadolu Agency\/Archivo<\/sup><\/em><\/figcaption><\/figure><\/div>\n\n\n\n<p>El Ejecutivo pretend\u00eda obtener 16,3 billones de pesos (aproximadamente 4.465 millones de d\u00f3lares) mediante la emergencia econ\u00f3mica, con el fin de cubrir el d\u00e9ficit fiscal. Sin embargo, la suspensi\u00f3n implica que la carga tributaria recaer\u00e1 nuevamente sobre la sociedad en general, mientras se define la constitucionalidad del decreto.<\/p>\n\n\n\n<p>Una semana despu\u00e9s de la declaratoria, el 29 de diciembre, el Gobierno emiti\u00f3 decretos que modificaban el impuesto al patrimonio. La base m\u00ednima bajaba de 3.600 millones a 2.000 millones de pesos, y las tarifas pod\u00edan llegar hasta el 5 por ciento para patrimonios superiores a 100.000 millones.<\/p>\n\n\n\n<p>El decreto inclu\u00eda un alza del IVA en licores (excepto la cerveza). La tasa actual del 5 por ciento habr\u00eda subido al 19 por ciento, dentro del paquete de medidas dise\u00f1ado para ampliar la recaudaci\u00f3n tributaria.<\/p>\n\n\n\n<p>Adem\u00e1s, el ministro de Hacienda, Germ\u00e1n \u00c1vila, tambi\u00e9n se pronunci\u00f3 al respecto, mediante la presentaci\u00f3n de nuevas medidas fiscales. Entre ellas, el aumento del impuesto de renta para el sector financiero.<\/p>\n\n\n\n<p>El magistrado Carlos Camargo advirti\u00f3 que la medida del Ejecutivo pod\u00eda causar \u201cda\u00f1os irreparables\u201d. Por ello, la Corte Constitucional suspendi\u00f3 el decreto mientras analiza su constitucionalidad, tras el rechazo previo del Congreso a la reforma tributaria.<\/p>\n\n\n\n<p>El presidente Gustavo Petro reaccion\u00f3 a la suspensi\u00f3n afirmando: \u201cAhora vendr\u00e1n las consecuencias de hundir el decreto de emergencia. Por salvar el impuesto a los megarricos, se trasladar\u00e1 y socializar\u00e1 una crisis mayor\u201d. Seg\u00fan el mandatario, la decisi\u00f3n agravar\u00e1 las dificultades econ\u00f3micas.<br>&#8212; NNN-TELESUR<\/p>\n","protected":false},"excerpt":{"rendered":"<p>BOGOT\u00c1, 31 ene (NNN-TELESUR) &#8212; La Corte Constitucional de Colombia suspendi\u00f3 de manera provisional el Decreto 1390 de 2025, con el cual el Gobierno del presidente Gustavo Petro hab\u00eda declarado la emergencia econ\u00f3mica y social. Esta medida detuvo la aplicaci\u00f3n inmediata de nuevos tributos que buscaban recaudar recursos adicionales para el presupuesto nacional de 2026. [&hellip;]<\/p>\n","protected":false},"author":2,"featured_media":144493,"comment_status":"closed","ping_status":"closed","sticky":false,"template":"","format":"standard","meta":[],"categories":[215,211,273],"tags":[],"_links":{"self":[{"href":"http:\/\/www.namnewsnetwork.org\/es\/index.php?rest_route=\/wp\/v2\/posts\/144452"}],"collection":[{"href":"http:\/\/www.namnewsnetwork.org\/es\/index.php?rest_route=\/wp\/v2\/posts"}],"about":[{"href":"http:\/\/www.namnewsnetwork.org\/es\/index.php?rest_route=\/wp\/v2\/types\/post"}],"author":[{"embeddable":true,"href":"http:\/\/www.namnewsnetwork.org\/es\/index.php?rest_route=\/wp\/v2\/users\/2"}],"replies":[{"embeddable":true,"href":"http:\/\/www.namnewsnetwork.org\/es\/index.php?rest_route=%2Fwp%2Fv2%2Fcomments&post=144452"}],"version-history":[{"count":2,"href":"http:\/\/www.namnewsnetwork.org\/es\/index.php?rest_route=\/wp\/v2\/posts\/144452\/revisions"}],"predecessor-version":[{"id":144494,"href":"http:\/\/www.namnewsnetwork.org\/es\/index.php?rest_route=\/wp\/v2\/posts\/144452\/revisions\/144494"}],"wp:featuredmedia":[{"embeddable":true,"href":"http:\/\/www.namnewsnetwork.org\/es\/index.php?rest_route=\/wp\/v2\/media\/144493"}],"wp:attachment":[{"href":"http:\/\/www.namnewsnetwork.org\/es\/index.php?rest_route=%2Fwp%2Fv2%2Fmedia&parent=144452"}],"wp:term":[{"taxonomy":"category","embeddable":true,"href":"http:\/\/www.namnewsnetwork.org\/es\/index.php?rest_route=%2Fwp%2Fv2%2Fcategories&post=144452"},{"taxonomy":"post_tag","embeddable":true,"href":"http:\/\/www.namnewsnetwork.org\/es\/index.php?rest_route=%2Fwp%2Fv2%2Ftags&post=144452"}],"curies":[{"name":"wp","href":"https:\/\/api.w.org\/{rel}","templated":true}]}}