{"id":13319,"date":"2019-05-29T23:54:42","date_gmt":"2019-05-29T15:54:42","guid":{"rendered":"http:\/\/www.namnewsnetwork.org\/es\/?p=13319"},"modified":"2019-05-29T23:55:17","modified_gmt":"2019-05-29T15:55:17","slug":"venezuela-asume-presidencia-pro-tempore-de-la-conferencia-de-desarme-en-la-onu","status":"publish","type":"post","link":"http:\/\/www.namnewsnetwork.org\/es\/?p=13319","title":{"rendered":"Venezuela asume presidencia pro tempore de la Conferencia de Desarme en la ONU"},"content":{"rendered":"\n<p>CARACAS, 29 de mayo (NNN-TELESUR) &#8212; Venezuela asumi\u00f3 desde el martes la presidencia pro tempore de la Conferencia de Desarme y Seguridad Internacional de la Organizaci\u00f3n de Naciones Unidas (ONU), que durar\u00e1 cuatro semanas.<\/p>\n\n\n\n<div class=\"wp-block-image\"><figure class=\"aligncenter\"><img loading=\"lazy\" width=\"510\" height=\"340\" src=\"http:\/\/www.namnewsnetwork.org\/es\/wp-content\/uploads\/2019\/05\/telesur-1.jpg\" alt=\"\" class=\"wp-image-13320\" srcset=\"http:\/\/www.namnewsnetwork.org\/es\/wp-content\/uploads\/2019\/05\/telesur-1.jpg 510w, http:\/\/www.namnewsnetwork.org\/es\/wp-content\/uploads\/2019\/05\/telesur-1-300x200.jpg 300w\" sizes=\"(max-width: 510px) 100vw, 510px\" \/><\/figure><\/div>\n\n\n\n<p>En su alocuci\u00f3n, el embajador venezolano ante el Consejo de Derechos Humanos de la ONU, Jorge Valero, abog\u00f3 desde Ginebra por la paz y la erradicaci\u00f3n de las armas de destrucci\u00f3n masiva, especialmente las nucleares.<\/p>\n\n\n\n<p>&#8220;Consideramos que la voluntad pol\u00edtica de los Estados amantes de la paz puede contribuir a alcanzar los objetivos, en torno a los temas de la agenda de trabajo&#8221;, dijo Valero, al tiempo que detall\u00f3 que se har\u00e1n los esfuerzos para impulsar una agenda inclusiva.<\/p>\n\n\n\n<p>Asimismo, rechaz\u00f3 que Estados Unidos intente usar la plataforma de la ONU como un mecanismo para promover la intervenci\u00f3n, con &#8220;un presidente (Donald Trump) que desprecia el multilateralismo&#8221;.<\/p>\n\n\n\n<p>El embajador Valero tambi\u00e9n denunci\u00f3 ante la ONU las consecuencias del bloqueo de Estados Unidos y el sabotaje a la distribuci\u00f3n de alimentos en Venezuela mediante el ataque a los CLAP.<\/p>\n\n\n\n<p>La Conferencia de Desarme fue una instancia constituida en la d\u00e9cada de 1960 por diversos pa\u00edses con el fin de negociar acuerdos multilaterales. Uno de sus logros han sido las convenciones sobre armas qu\u00edmicas y biol\u00f3gicas.<br>\n&#8212; NNN-TELESUR<\/p>\n","protected":false},"excerpt":{"rendered":"<p>CARACAS, 29 de mayo (NNN-TELESUR) &#8212; Venezuela asumi\u00f3 desde el martes la presidencia pro tempore de la Conferencia de Desarme y Seguridad Internacional de la Organizaci\u00f3n de Naciones Unidas (ONU), que durar\u00e1 cuatro semanas. En su alocuci\u00f3n, el embajador venezolano ante el Consejo de Derechos Humanos de la ONU, Jorge Valero, abog\u00f3 desde Ginebra por [&hellip;]<\/p>\n","protected":false},"author":2,"featured_media":13320,"comment_status":"closed","ping_status":"closed","sticky":false,"template":"","format":"standard","meta":[],"categories":[215,277,211],"tags":[],"_links":{"self":[{"href":"http:\/\/www.namnewsnetwork.org\/es\/index.php?rest_route=\/wp\/v2\/posts\/13319"}],"collection":[{"href":"http:\/\/www.namnewsnetwork.org\/es\/index.php?rest_route=\/wp\/v2\/posts"}],"about":[{"href":"http:\/\/www.namnewsnetwork.org\/es\/index.php?rest_route=\/wp\/v2\/types\/post"}],"author":[{"embeddable":true,"href":"http:\/\/www.namnewsnetwork.org\/es\/index.php?rest_route=\/wp\/v2\/users\/2"}],"replies":[{"embeddable":true,"href":"http:\/\/www.namnewsnetwork.org\/es\/index.php?rest_route=%2Fwp%2Fv2%2Fcomments&post=13319"}],"version-history":[{"count":1,"href":"http:\/\/www.namnewsnetwork.org\/es\/index.php?rest_route=\/wp\/v2\/posts\/13319\/revisions"}],"predecessor-version":[{"id":13321,"href":"http:\/\/www.namnewsnetwork.org\/es\/index.php?rest_route=\/wp\/v2\/posts\/13319\/revisions\/13321"}],"wp:featuredmedia":[{"embeddable":true,"href":"http:\/\/www.namnewsnetwork.org\/es\/index.php?rest_route=\/wp\/v2\/media\/13320"}],"wp:attachment":[{"href":"http:\/\/www.namnewsnetwork.org\/es\/index.php?rest_route=%2Fwp%2Fv2%2Fmedia&parent=13319"}],"wp:term":[{"taxonomy":"category","embeddable":true,"href":"http:\/\/www.namnewsnetwork.org\/es\/index.php?rest_route=%2Fwp%2Fv2%2Fcategories&post=13319"},{"taxonomy":"post_tag","embeddable":true,"href":"http:\/\/www.namnewsnetwork.org\/es\/index.php?rest_route=%2Fwp%2Fv2%2Ftags&post=13319"}],"curies":[{"name":"wp","href":"https:\/\/api.w.org\/{rel}","templated":true}]}}