{"id":13297,"date":"2019-05-29T12:07:09","date_gmt":"2019-05-29T04:07:09","guid":{"rendered":"http:\/\/www.namnewsnetwork.org\/es\/?p=13297"},"modified":"2019-05-29T12:07:11","modified_gmt":"2019-05-29T04:07:11","slug":"tribunales-de-haiti-en-paro-por-huelga-de-magistrados","status":"publish","type":"post","link":"http:\/\/www.namnewsnetwork.org\/es\/?p=13297","title":{"rendered":"Tribunales de Hait\u00ed en paro por huelga de magistrados"},"content":{"rendered":"\n<p>PUERTO PR\u00cdNCIPE, 29 de mayo (NNN-PRENSA LATINA) &#8212; El juez Wando St-Vilier confirm\u00f3 el martes que la huelga de los tribunales haitianos iniciada para llamar la atenci\u00f3n del Ejecutivo se extender\u00e1 por esta semana.<\/p>\n\n\n\n<p>St-Vilier anunci\u00f3 que a\u00fan el Gobierno no ha enviado ninguna se\u00f1al al poder judicial de que cumplir\u00e1 los compromisos acordados en noviembre de 2017, cuando los jueces tambi\u00e9n protagonizaron jornadas de protesta.<\/p>\n\n\n\n<p>Desde entonces, los magistrados esperan la reparaci\u00f3n de los tribunales para mejorar las condiciones de trabajo, los pagos atrasados a los comisarios del Gobierno, as\u00ed como el respeto a las competencias del Consejo Superior del Poder Judicial.<\/p>\n\n\n\n<p>Desde hace varias semanas se desat\u00f3 la pol\u00e9mica, tras el nombramiento del juez Patrick Rame\u00e0u Metellus frente al Decanato del Tribunal de Apelaci\u00f3n de Puerto Pr\u00edncipe.<\/p>\n\n\n\n<p>Jean Wilner Morin, presidente de la Asociaci\u00f3n Nacional de Magistrados Haitianos (Anamah), denunci\u00f3 que esta decisi\u00f3n del mandatario Jovenel Moise pisotea la independencia del poder judicial e inst\u00f3 al Consejo Superior de la Magistratura a designar a Norah Jean Fran\u00e7ois para el cargo.<\/p>\n\n\n\n<p>Tambi\u00e9n deplor\u00f3 el lamentable estado de los tribunales, los repetidos problemas el\u00e9ctricos y la negativa del Ejecutivo a renovar el mandato de los jueces.<\/p>\n\n\n\n<p>El ejecutivo a\u00fan no se pronunci\u00f3 con respecto a esta crisis, mientras la poblaci\u00f3n penitenciaria, que cuadruplica la capacidad de las c\u00e1rceles, es la m\u00e1s afectada con la actual situaci\u00f3n.<br>\n&#8212; NNN-PRENSA LATINA<\/p>\n","protected":false},"excerpt":{"rendered":"<p>PUERTO PR\u00cdNCIPE, 29 de mayo (NNN-PRENSA LATINA) &#8212; El juez Wando St-Vilier confirm\u00f3 el martes que la huelga de los tribunales haitianos iniciada para llamar la atenci\u00f3n del Ejecutivo se extender\u00e1 por esta semana. St-Vilier anunci\u00f3 que a\u00fan el Gobierno no ha enviado ninguna se\u00f1al al poder judicial de que cumplir\u00e1 los compromisos acordados en [&hellip;]<\/p>\n","protected":false},"author":2,"featured_media":13299,"comment_status":"closed","ping_status":"closed","sticky":false,"template":"","format":"standard","meta":[],"categories":[215,277,211],"tags":[],"_links":{"self":[{"href":"http:\/\/www.namnewsnetwork.org\/es\/index.php?rest_route=\/wp\/v2\/posts\/13297"}],"collection":[{"href":"http:\/\/www.namnewsnetwork.org\/es\/index.php?rest_route=\/wp\/v2\/posts"}],"about":[{"href":"http:\/\/www.namnewsnetwork.org\/es\/index.php?rest_route=\/wp\/v2\/types\/post"}],"author":[{"embeddable":true,"href":"http:\/\/www.namnewsnetwork.org\/es\/index.php?rest_route=\/wp\/v2\/users\/2"}],"replies":[{"embeddable":true,"href":"http:\/\/www.namnewsnetwork.org\/es\/index.php?rest_route=%2Fwp%2Fv2%2Fcomments&post=13297"}],"version-history":[{"count":1,"href":"http:\/\/www.namnewsnetwork.org\/es\/index.php?rest_route=\/wp\/v2\/posts\/13297\/revisions"}],"predecessor-version":[{"id":13300,"href":"http:\/\/www.namnewsnetwork.org\/es\/index.php?rest_route=\/wp\/v2\/posts\/13297\/revisions\/13300"}],"wp:featuredmedia":[{"embeddable":true,"href":"http:\/\/www.namnewsnetwork.org\/es\/index.php?rest_route=\/wp\/v2\/media\/13299"}],"wp:attachment":[{"href":"http:\/\/www.namnewsnetwork.org\/es\/index.php?rest_route=%2Fwp%2Fv2%2Fmedia&parent=13297"}],"wp:term":[{"taxonomy":"category","embeddable":true,"href":"http:\/\/www.namnewsnetwork.org\/es\/index.php?rest_route=%2Fwp%2Fv2%2Fcategories&post=13297"},{"taxonomy":"post_tag","embeddable":true,"href":"http:\/\/www.namnewsnetwork.org\/es\/index.php?rest_route=%2Fwp%2Fv2%2Ftags&post=13297"}],"curies":[{"name":"wp","href":"https:\/\/api.w.org\/{rel}","templated":true}]}}