{"id":12002,"date":"2019-05-09T10:28:50","date_gmt":"2019-05-09T02:28:50","guid":{"rendered":"http:\/\/www.namnewsnetwork.org\/es\/?p=12002"},"modified":"2019-05-09T10:28:52","modified_gmt":"2019-05-09T02:28:52","slug":"cuba-y-senegal-intercambian-sobre-perspectivas-de-cooperacion","status":"publish","type":"post","link":"http:\/\/www.namnewsnetwork.org\/es\/?p=12002","title":{"rendered":"Cuba y Senegal intercambian sobre perspectivas de cooperaci\u00f3n"},"content":{"rendered":"\n<p>DAKAR, 9 de mayo (NNN-PRENSA LATINA) &#8212; La embajadora cubana en Senegal, Sayl\u00edn S\u00e1nchez, intercambi\u00f3 con autoridades de la regi\u00f3n de Thi\u00e8s sobre las perspectivas de la cooperaci\u00f3n bilateral, informaron el martes fuentes diplom\u00e1ticas.<\/p>\n\n\n\n<div class=\"wp-block-image\"><figure class=\"alignleft is-resized\"><img loading=\"lazy\" src=\"http:\/\/www.namnewsnetwork.org\/es\/wp-content\/uploads\/2019\/05\/PL5.jpg\" alt=\"\" class=\"wp-image-12007\" width=\"317\" height=\"211\" srcset=\"http:\/\/www.namnewsnetwork.org\/es\/wp-content\/uploads\/2019\/05\/PL5.jpg 748w, http:\/\/www.namnewsnetwork.org\/es\/wp-content\/uploads\/2019\/05\/PL5-300x200.jpg 300w, http:\/\/www.namnewsnetwork.org\/es\/wp-content\/uploads\/2019\/05\/PL5-555x370.jpg 555w, http:\/\/www.namnewsnetwork.org\/es\/wp-content\/uploads\/2019\/05\/PL5-600x399.jpg 600w\" sizes=\"(max-width: 317px) 100vw, 317px\" \/><figcaption>Foto: PL<\/figcaption><\/figure><\/div>\n\n\n\n<p>Una nota de prensa de la Embajada de Cuba en Senegal refiri\u00f3 que en los encuentros con el gobernador y el alcalde de la ciudad senegalesa S\u00e1nchez ofreci\u00f3 una actualizaci\u00f3n sobre el actual panorama caribe\u00f1o.<\/p>\n\n\n\n<p>S\u00e1nchez expres\u00f3 su en\u00e9rgico rechazo a la escalada agresiva del gobierno de Estados Unidos contra Cuba con la reciente activaci\u00f3n del T\u00edtulo III de la Ley Helms-Burton.<\/p>\n\n\n\n<p>La diplom\u00e1tica caribe\u00f1a visit\u00f3 tambi\u00e9n la sede regional del Partido de la Independencia y el Trabajo y los talleres de la reconocida manufactura senegalesa de Artes Decorativas.<\/p>\n\n\n\n<p>En ambos lugares agradeci\u00f3 las muestras de respeto y admiraci\u00f3n hacia la Revoluci\u00f3n cubana y expres\u00f3 la significaci\u00f3n especial que tiene \u00c1frica para Cuba, seg\u00fan la nota de prensa.<br>\n&#8212; NNN-PRENSA LATINA<\/p>\n","protected":false},"excerpt":{"rendered":"<p>DAKAR, 9 de mayo (NNN-PRENSA LATINA) &#8212; La embajadora cubana en Senegal, Sayl\u00edn S\u00e1nchez, intercambi\u00f3 con autoridades de la regi\u00f3n de Thi\u00e8s sobre las perspectivas de la cooperaci\u00f3n bilateral, informaron el martes fuentes diplom\u00e1ticas. Una nota de prensa de la Embajada de Cuba en Senegal refiri\u00f3 que en los encuentros con el gobernador y el [&hellip;]<\/p>\n","protected":false},"author":2,"featured_media":12007,"comment_status":"closed","ping_status":"closed","sticky":false,"template":"","format":"standard","meta":[],"categories":[215,277,211],"tags":[],"_links":{"self":[{"href":"http:\/\/www.namnewsnetwork.org\/es\/index.php?rest_route=\/wp\/v2\/posts\/12002"}],"collection":[{"href":"http:\/\/www.namnewsnetwork.org\/es\/index.php?rest_route=\/wp\/v2\/posts"}],"about":[{"href":"http:\/\/www.namnewsnetwork.org\/es\/index.php?rest_route=\/wp\/v2\/types\/post"}],"author":[{"embeddable":true,"href":"http:\/\/www.namnewsnetwork.org\/es\/index.php?rest_route=\/wp\/v2\/users\/2"}],"replies":[{"embeddable":true,"href":"http:\/\/www.namnewsnetwork.org\/es\/index.php?rest_route=%2Fwp%2Fv2%2Fcomments&post=12002"}],"version-history":[{"count":1,"href":"http:\/\/www.namnewsnetwork.org\/es\/index.php?rest_route=\/wp\/v2\/posts\/12002\/revisions"}],"predecessor-version":[{"id":12008,"href":"http:\/\/www.namnewsnetwork.org\/es\/index.php?rest_route=\/wp\/v2\/posts\/12002\/revisions\/12008"}],"wp:featuredmedia":[{"embeddable":true,"href":"http:\/\/www.namnewsnetwork.org\/es\/index.php?rest_route=\/wp\/v2\/media\/12007"}],"wp:attachment":[{"href":"http:\/\/www.namnewsnetwork.org\/es\/index.php?rest_route=%2Fwp%2Fv2%2Fmedia&parent=12002"}],"wp:term":[{"taxonomy":"category","embeddable":true,"href":"http:\/\/www.namnewsnetwork.org\/es\/index.php?rest_route=%2Fwp%2Fv2%2Fcategories&post=12002"},{"taxonomy":"post_tag","embeddable":true,"href":"http:\/\/www.namnewsnetwork.org\/es\/index.php?rest_route=%2Fwp%2Fv2%2Ftags&post=12002"}],"curies":[{"name":"wp","href":"https:\/\/api.w.org\/{rel}","templated":true}]}}