{"id":11818,"date":"2019-05-06T12:03:39","date_gmt":"2019-05-06T04:03:39","guid":{"rendered":"http:\/\/www.namnewsnetwork.org\/es\/?p=11818"},"modified":"2019-05-06T12:32:26","modified_gmt":"2019-05-06T04:32:26","slug":"pendarovski-triunfa-en-segunda-vuelta-electoral-de-macedonia-del-norte","status":"publish","type":"post","link":"http:\/\/www.namnewsnetwork.org\/es\/?p=11818","title":{"rendered":"Pendarovski triunfa en segunda vuelta electoral de Macedonia del Norte"},"content":{"rendered":"\n<p>SKOPIE, 6 de mayo (NNN-TELESUR) &#8212; Stevo Pendarovski, candidato respaldado por el Gobierno socialdem\u00f3crata de Macedonia del Norte, fue electo presidente el domingo con el 51.8 por ciento de los votos tras la celebraci\u00f3n de la segunda vuelta electoral.<\/p>\n\n\n\n<p>El candidato del gobernante Uni\u00f3n Social Dem\u00f3crata, se impuso ante la conservadora Gordana Siljanovska Davkova que obtuvo 44.5 por ciento de los sufragios.<\/p>\n\n\n\n<p>\u201cEsta es una victoria para todos los que est\u00e1n convencidos de que tenemos que seguir adelante juntos, y prometo que servir\u00e9 a la gente en forma equitativa\u201d, indic\u00f3 el presidente electo desde la sede del partido en el centro de Skopje (capital).<\/p>\n\n\n\n<p>Por su parte, el actual primer ministro Zoran Zaev, celebr\u00f3 que el pa\u00eds seguir\u00e1 avanzando &#8220;a nuestra meta com\u00fan de progreso y hacia la OTAN y la Uni\u00f3n Europea\u201d.<\/p>\n\n\n\n<p>En la jornada electoral vot\u00f3 m\u00e1s del 44.5 por ciento del padr\u00f3n, superando el piso m\u00ednimo legal del 40 por ciento para validar los comicios. Se trat\u00f3 de la sexta elecci\u00f3n celebrada despu\u00e9s de que el pa\u00eds proclamara su independencia de Yugoslavia en 1991, y la primera desde el reciente cambio del nombre a Rep\u00fablica de Macedonia del Norte.<\/p>\n\n\n\n<p>El acuerdo con Grecia para el cambio del nombre del pa\u00eds fue un tema clave durante toda la campa\u00f1a electoral, pues abri\u00f3 las puertas de la naci\u00f3n balc\u00e1nica a la eventual adhesi\u00f3n a la Uni\u00f3n Europea (UE) y a la alianza militar internacional de la OTAN.<br>\n&#8212; NNN-TELESUR<\/p>\n","protected":false},"excerpt":{"rendered":"<p>SKOPIE, 6 de mayo (NNN-TELESUR) &#8212; Stevo Pendarovski, candidato respaldado por el Gobierno socialdem\u00f3crata de Macedonia del Norte, fue electo presidente el domingo con el 51.8 por ciento de los votos tras la celebraci\u00f3n de la segunda vuelta electoral. El candidato del gobernante Uni\u00f3n Social Dem\u00f3crata, se impuso ante la conservadora Gordana Siljanovska Davkova que [&hellip;]<\/p>\n","protected":false},"author":2,"featured_media":11841,"comment_status":"closed","ping_status":"closed","sticky":false,"template":"","format":"standard","meta":[],"categories":[210,278,211],"tags":[],"_links":{"self":[{"href":"http:\/\/www.namnewsnetwork.org\/es\/index.php?rest_route=\/wp\/v2\/posts\/11818"}],"collection":[{"href":"http:\/\/www.namnewsnetwork.org\/es\/index.php?rest_route=\/wp\/v2\/posts"}],"about":[{"href":"http:\/\/www.namnewsnetwork.org\/es\/index.php?rest_route=\/wp\/v2\/types\/post"}],"author":[{"embeddable":true,"href":"http:\/\/www.namnewsnetwork.org\/es\/index.php?rest_route=\/wp\/v2\/users\/2"}],"replies":[{"embeddable":true,"href":"http:\/\/www.namnewsnetwork.org\/es\/index.php?rest_route=%2Fwp%2Fv2%2Fcomments&post=11818"}],"version-history":[{"count":1,"href":"http:\/\/www.namnewsnetwork.org\/es\/index.php?rest_route=\/wp\/v2\/posts\/11818\/revisions"}],"predecessor-version":[{"id":11828,"href":"http:\/\/www.namnewsnetwork.org\/es\/index.php?rest_route=\/wp\/v2\/posts\/11818\/revisions\/11828"}],"wp:featuredmedia":[{"embeddable":true,"href":"http:\/\/www.namnewsnetwork.org\/es\/index.php?rest_route=\/wp\/v2\/media\/11841"}],"wp:attachment":[{"href":"http:\/\/www.namnewsnetwork.org\/es\/index.php?rest_route=%2Fwp%2Fv2%2Fmedia&parent=11818"}],"wp:term":[{"taxonomy":"category","embeddable":true,"href":"http:\/\/www.namnewsnetwork.org\/es\/index.php?rest_route=%2Fwp%2Fv2%2Fcategories&post=11818"},{"taxonomy":"post_tag","embeddable":true,"href":"http:\/\/www.namnewsnetwork.org\/es\/index.php?rest_route=%2Fwp%2Fv2%2Ftags&post=11818"}],"curies":[{"name":"wp","href":"https:\/\/api.w.org\/{rel}","templated":true}]}}