{"id":11612,"date":"2019-05-03T12:40:28","date_gmt":"2019-05-03T04:40:28","guid":{"rendered":"http:\/\/www.namnewsnetwork.org\/es\/?p=11612"},"modified":"2019-05-03T12:54:45","modified_gmt":"2019-05-03T04:54:45","slug":"union-europea-rechaza-aplicacion-de-la-ley-helms-burton-contra-cuba","status":"publish","type":"post","link":"http:\/\/www.namnewsnetwork.org\/es\/?p=11612","title":{"rendered":"Uni\u00f3n Europea rechaza aplicaci\u00f3n de la ley Helms-Burton contra Cuba"},"content":{"rendered":"\n<p>CARACAS, 3 de mayo (NNN-AVN) &#8212; La Uni\u00f3n Europea (UE) expres\u00f3 su rechazo a la aplicaci\u00f3n por parte de Estados Unidos del t\u00edtulo III de la Ley Helms-Burton contra Cuba, al considerar que la misma viola el Derecho Internacional.<\/p>\n\n\n\n<div class=\"wp-block-image\"><figure class=\"aligncenter\"><img loading=\"lazy\" width=\"791\" height=\"527\" src=\"http:\/\/www.namnewsnetwork.org\/es\/wp-content\/uploads\/2019\/05\/Cuba-uE-ley-helm-burton.jpg\" alt=\"\" class=\"wp-image-11613\" srcset=\"http:\/\/www.namnewsnetwork.org\/es\/wp-content\/uploads\/2019\/05\/Cuba-uE-ley-helm-burton.jpg 791w, http:\/\/www.namnewsnetwork.org\/es\/wp-content\/uploads\/2019\/05\/Cuba-uE-ley-helm-burton-300x200.jpg 300w, http:\/\/www.namnewsnetwork.org\/es\/wp-content\/uploads\/2019\/05\/Cuba-uE-ley-helm-burton-768x512.jpg 768w, http:\/\/www.namnewsnetwork.org\/es\/wp-content\/uploads\/2019\/05\/Cuba-uE-ley-helm-burton-555x370.jpg 555w, http:\/\/www.namnewsnetwork.org\/es\/wp-content\/uploads\/2019\/05\/Cuba-uE-ley-helm-burton-600x400.jpg 600w\" sizes=\"(max-width: 791px) 100vw, 791px\" \/><figcaption>Fuente: PL<\/figcaption><\/figure><\/div>\n\n\n\n<p>A trav\u00e9s de un comunicado, la alta representante de Asuntos Exteriores de la UE, Federica Mogherini, refiri\u00f3: &#8220;La UE considera que la aplicaci\u00f3n extraterritorial de medidas restrictivas unilaterales contraviene el Derecho internacional y recurrir\u00e1 a todas las medidas adecuadas para abordar las consecuencias de la aplicaci\u00f3n de la Ley Helms-Burton, incluidos sus derechos en la Organizaci\u00f3n Mundial del Comercio y el uso del estatuto de bloqueo de la UE&#8221;.<\/p>\n\n\n\n<p>Asimismo, se\u00f1al\u00f3 que la decisi\u00f3n de Estados Unidos originar\u00e1 fricciones innecesarias que debilitar\u00e1n la confianza y la previsibilidad de la asociaci\u00f3n transatl\u00e1ntica, y asegur\u00f3 que la UE continuar\u00e1 trabajando al respecto con sus socios internacionales, &#8220;quienes tambi\u00e9n han manifestado su preocupaci\u00f3n al respecto&#8221;, rese\u00f1\u00f3 Prensa Latina.<\/p>\n\n\n\n<p>El t\u00edtulo III de la Ley Helms-Burton permite a ciudadanos estadounidenses interponer demandas a empresas extranjeras que poseen inversiones en propiedades que fueron nacionalizadas tras el triunfo de la Revoluci\u00f3n Cubana, en 1959. La activaci\u00f3n del t\u00edtulo ampl\u00eda el bloqueo econ\u00f3mico, comercial y financiero que Estados Unidos mantiene contra Cuba.<br>\n&#8212; NNN-AVN<\/p>\n","protected":false},"excerpt":{"rendered":"<p>CARACAS, 3 de mayo (NNN-AVN) &#8212; La Uni\u00f3n Europea (UE) expres\u00f3 su rechazo a la aplicaci\u00f3n por parte de Estados Unidos del t\u00edtulo III de la Ley Helms-Burton contra Cuba, al considerar que la misma viola el Derecho Internacional. A trav\u00e9s de un comunicado, la alta representante de Asuntos Exteriores de la UE, Federica Mogherini, [&hellip;]<\/p>\n","protected":false},"author":2,"featured_media":11613,"comment_status":"closed","ping_status":"closed","sticky":false,"template":"","format":"standard","meta":[],"categories":[210,278,211],"tags":[],"_links":{"self":[{"href":"http:\/\/www.namnewsnetwork.org\/es\/index.php?rest_route=\/wp\/v2\/posts\/11612"}],"collection":[{"href":"http:\/\/www.namnewsnetwork.org\/es\/index.php?rest_route=\/wp\/v2\/posts"}],"about":[{"href":"http:\/\/www.namnewsnetwork.org\/es\/index.php?rest_route=\/wp\/v2\/types\/post"}],"author":[{"embeddable":true,"href":"http:\/\/www.namnewsnetwork.org\/es\/index.php?rest_route=\/wp\/v2\/users\/2"}],"replies":[{"embeddable":true,"href":"http:\/\/www.namnewsnetwork.org\/es\/index.php?rest_route=%2Fwp%2Fv2%2Fcomments&post=11612"}],"version-history":[{"count":1,"href":"http:\/\/www.namnewsnetwork.org\/es\/index.php?rest_route=\/wp\/v2\/posts\/11612\/revisions"}],"predecessor-version":[{"id":11614,"href":"http:\/\/www.namnewsnetwork.org\/es\/index.php?rest_route=\/wp\/v2\/posts\/11612\/revisions\/11614"}],"wp:featuredmedia":[{"embeddable":true,"href":"http:\/\/www.namnewsnetwork.org\/es\/index.php?rest_route=\/wp\/v2\/media\/11613"}],"wp:attachment":[{"href":"http:\/\/www.namnewsnetwork.org\/es\/index.php?rest_route=%2Fwp%2Fv2%2Fmedia&parent=11612"}],"wp:term":[{"taxonomy":"category","embeddable":true,"href":"http:\/\/www.namnewsnetwork.org\/es\/index.php?rest_route=%2Fwp%2Fv2%2Fcategories&post=11612"},{"taxonomy":"post_tag","embeddable":true,"href":"http:\/\/www.namnewsnetwork.org\/es\/index.php?rest_route=%2Fwp%2Fv2%2Ftags&post=11612"}],"curies":[{"name":"wp","href":"https:\/\/api.w.org\/{rel}","templated":true}]}}