{"id":11245,"date":"2019-04-26T13:54:25","date_gmt":"2019-04-26T05:54:25","guid":{"rendered":"http:\/\/www.namnewsnetwork.org\/es\/?p=11245"},"modified":"2019-04-26T13:54:27","modified_gmt":"2019-04-26T05:54:27","slug":"desempleo-en-espana-aumenta-en-el-primer-trimestre-de-2019","status":"publish","type":"post","link":"http:\/\/www.namnewsnetwork.org\/es\/?p=11245","title":{"rendered":"Desempleo en Espa\u00f1a aumenta en el primer trimestre de 2019"},"content":{"rendered":"\n<p>MADRID, 26 de abril (NNN-TELESUR) &#8212; El desempleo en Espa\u00f1a sum\u00f3 49.900 personas en el primer trimestre de 2019, de acuerdo con datos publicados el jueves por la Encuesta de Poblaci\u00f3n Activa (EPA) del Instituto Nacional de Estad\u00edstica de Espa\u00f1a (INE).<\/p>\n\n\n\n<figure class=\"wp-block-image\"><img src=\"http:\/\/www.namnewsnetwork.org\/es\/wp-content\/uploads\/2019\/04\/telesur-1.jpg\" alt=\"\" class=\"wp-image-11246\"\/><figcaption>Fuente: Telesur<\/figcaption><\/figure>\n\n\n\n<p>De acuerdo con el organismo, este aumento supuso la peor cifra registrada desde 2013, elev\u00f3 la cifra total de desempleados hasta los 3.354.200 y situ\u00f3 la tasa de desempleo en el 14,7 por ciento.<\/p>\n\n\n\n<p>No obstante, seg\u00fan los datos de la EPA, en los \u00faltimos 12 meses el empleo aument\u00f3 en 596.600 personas, lo que supuso la mayor creaci\u00f3n de empleo desde 2007 y una media de 1.635 empleos al d\u00eda.<\/p>\n\n\n\n<p>La ministra de econom\u00eda y empresa de Espa\u00f1a, Nadia Calvi\u00f1o, se\u00f1al\u00f3 que tradicionalmente en el primer trimestre del a\u00f1o el paro aumenta debido al final de la campa\u00f1a navide\u00f1a. Calvi\u00f1o dijo que los datos publicados por la EPA son m\u00e1s positivos de los esperados por el Gobierno, lo que que confirma una evoluci\u00f3n &#8220;positiva&#8221; y el &#8220;notable dinamismo&#8221; del mercado laboral observado en los \u00faltimos meses.<\/p>\n\n\n\n<p>Se\u00f1al\u00f3 que no hab\u00eda signos de desaceleraci\u00f3n en la creaci\u00f3n de empleo, y dijo que no se hab\u00eda registrado ning\u00fan impacto de la subida del salario m\u00ednimo interprofesional a 900 euros, una medida aprobada por el Gobierno espa\u00f1ol este a\u00f1o. Adem\u00e1s, Calvi\u00f1o indic\u00f3 que ve &#8220;claros signos de mejora&#8221; en la calidad del empleo, y que se espera que la tasa de desempleo cierre el 2019 por debajo del 14 por ciento. <\/p>\n\n\n\n<p>Los datos de la EPA muestran que el aumento del desempleo afect\u00f3 especialmente a las mujeres. En concreto, el desempleo femenino creci\u00f3 en 53.600 mujeres durante el primer trimestre del a\u00f1o, frente a un descenso del paro masculino de 3.700 varones. De esta manera, la tasa de paro femenina aument\u00f3 casi medio punto, hasta el 16,74%, mientras que la masculina se mantuvo en el 12,9%. <\/p>\n\n\n\n<p>Espa\u00f1a tendr\u00e1 jornada electoral el domingo 28 de abril. El l\u00edder del partido liberal Ciudadanos, Albert Rivera, lament\u00f3 que el sistema laboral espa\u00f1ol &#8220;est\u00e1 obsoleto&#8221; y achac\u00f3 la elevada tasa de paro a la &#8220;falta de flexibilidad de los contratos&#8221;. Por su parte, el l\u00edder de Unidas Podemos, Pablo Iglesias, afirm\u00f3 que &#8220;lo preocupante del empleo en Espa\u00f1a es la calidad de los puestos de trabajo y la temporalidad&#8221;.<br>\n&#8212; NNN-TELESUR<\/p>\n","protected":false},"excerpt":{"rendered":"<p>MADRID, 26 de abril (NNN-TELESUR) &#8212; El desempleo en Espa\u00f1a sum\u00f3 49.900 personas en el primer trimestre de 2019, de acuerdo con datos publicados el jueves por la Encuesta de Poblaci\u00f3n Activa (EPA) del Instituto Nacional de Estad\u00edstica de Espa\u00f1a (INE). De acuerdo con el organismo, este aumento supuso la peor cifra registrada desde 2013, [&hellip;]<\/p>\n","protected":false},"author":2,"featured_media":0,"comment_status":"closed","ping_status":"closed","sticky":false,"template":"","format":"standard","meta":[],"categories":[210,278,211],"tags":[],"_links":{"self":[{"href":"http:\/\/www.namnewsnetwork.org\/es\/index.php?rest_route=\/wp\/v2\/posts\/11245"}],"collection":[{"href":"http:\/\/www.namnewsnetwork.org\/es\/index.php?rest_route=\/wp\/v2\/posts"}],"about":[{"href":"http:\/\/www.namnewsnetwork.org\/es\/index.php?rest_route=\/wp\/v2\/types\/post"}],"author":[{"embeddable":true,"href":"http:\/\/www.namnewsnetwork.org\/es\/index.php?rest_route=\/wp\/v2\/users\/2"}],"replies":[{"embeddable":true,"href":"http:\/\/www.namnewsnetwork.org\/es\/index.php?rest_route=%2Fwp%2Fv2%2Fcomments&post=11245"}],"version-history":[{"count":1,"href":"http:\/\/www.namnewsnetwork.org\/es\/index.php?rest_route=\/wp\/v2\/posts\/11245\/revisions"}],"predecessor-version":[{"id":11247,"href":"http:\/\/www.namnewsnetwork.org\/es\/index.php?rest_route=\/wp\/v2\/posts\/11245\/revisions\/11247"}],"wp:attachment":[{"href":"http:\/\/www.namnewsnetwork.org\/es\/index.php?rest_route=%2Fwp%2Fv2%2Fmedia&parent=11245"}],"wp:term":[{"taxonomy":"category","embeddable":true,"href":"http:\/\/www.namnewsnetwork.org\/es\/index.php?rest_route=%2Fwp%2Fv2%2Fcategories&post=11245"},{"taxonomy":"post_tag","embeddable":true,"href":"http:\/\/www.namnewsnetwork.org\/es\/index.php?rest_route=%2Fwp%2Fv2%2Ftags&post=11245"}],"curies":[{"name":"wp","href":"https:\/\/api.w.org\/{rel}","templated":true}]}}