{"id":110256,"date":"2024-07-22T23:45:06","date_gmt":"2024-07-22T15:45:06","guid":{"rendered":"http:\/\/www.namnewsnetwork.org\/es\/?p=110256"},"modified":"2024-07-23T00:03:54","modified_gmt":"2024-07-22T16:03:54","slug":"israel-asesino-a-162-periodistas-en-gaza","status":"publish","type":"post","link":"http:\/\/www.namnewsnetwork.org\/es\/?p=110256","title":{"rendered":"Israel asesin\u00f3 a 162 periodistas en Gaza"},"content":{"rendered":"\n<p>RAMALA, 22 jul (NNN-PRENSA LATINA) &#8212; El Ej\u00e9rcito israel\u00ed asesin\u00f3 a 162 periodistas palestinos y trabajadores del sector en la Franja de Gaza desde el inicio del actual ciclo de violencia, en octubre del pasado a\u00f1o, denunciaron el lunes fuentes oficiales.<\/p>\n\n\n\n<p>La Oficina de Medios de las autoridades de Gaza se\u00f1al\u00f3 en un comunicado que la m\u00e1s reciente v\u00edctima fatal fue Moatasem Mahmoud Ghorab, quien trabaj\u00f3 para varios medios de comunicaci\u00f3n.<\/p>\n\n\n\n<p>Hace una semana el Sindicato de Periodistas Palestinos acus\u00f3 a las fuerzas de seguridad y los colonos israel\u00edes de ejecutar m\u00e1s de 500 ataques contra comunicadores en los territorios ocupados en los primeros seis meses de este a\u00f1o.<\/p>\n\n\n\n<p>Durante una conferencia de prensa en la ciudad de Al-Bireh, el jefe del Comit\u00e9 de Libertades del gremio, Muhammad Al-Laham, destac\u00f3 que desde entonces fueron asesinados 44 y otros 108 resultaron heridos.<\/p>\n\n\n\n<p>En los primeros seis meses, las tropas israel\u00edes arrestaron a 26 periodistas palestinos y allanaron las viviendas de 14, subray\u00f3.<\/p>\n\n\n\n<p>Desde el inicio de sus operaciones en Gaza, en octubre, el Ej\u00e9rcito tambi\u00e9n atac\u00f3 decenas de sedes de instituciones del gremio, incluidas las oficinas de Al Jazeera, de Palestina TV, de la agencia de noticias Maan, as\u00ed como de los peri\u00f3dicos Al Quds y Al Ayyam.<\/p>\n\n\n\n<p>Este a\u00f1o, la Organizaci\u00f3n de Naciones Unidas para la Educaci\u00f3n, la Ciencia y la Cultura otorg\u00f3 a los comunicadores palestinos que cubren el conflicto el Premio Guillermo Cano como reconocimiento a su labor.<br>&#8212; NNN-PRENSA LATINA<\/p>\n","protected":false},"excerpt":{"rendered":"<p>RAMALA, 22 jul (NNN-PRENSA LATINA) &#8212; El Ej\u00e9rcito israel\u00ed asesin\u00f3 a 162 periodistas palestinos y trabajadores del sector en la Franja de Gaza desde el inicio del actual ciclo de violencia, en octubre del pasado a\u00f1o, denunciaron el lunes fuentes oficiales. La Oficina de Medios de las autoridades de Gaza se\u00f1al\u00f3 en un comunicado que [&hellip;]<\/p>\n","protected":false},"author":2,"featured_media":101067,"comment_status":"closed","ping_status":"closed","sticky":false,"template":"","format":"standard","meta":[],"categories":[211,271,197,272],"tags":[],"_links":{"self":[{"href":"http:\/\/www.namnewsnetwork.org\/es\/index.php?rest_route=\/wp\/v2\/posts\/110256"}],"collection":[{"href":"http:\/\/www.namnewsnetwork.org\/es\/index.php?rest_route=\/wp\/v2\/posts"}],"about":[{"href":"http:\/\/www.namnewsnetwork.org\/es\/index.php?rest_route=\/wp\/v2\/types\/post"}],"author":[{"embeddable":true,"href":"http:\/\/www.namnewsnetwork.org\/es\/index.php?rest_route=\/wp\/v2\/users\/2"}],"replies":[{"embeddable":true,"href":"http:\/\/www.namnewsnetwork.org\/es\/index.php?rest_route=%2Fwp%2Fv2%2Fcomments&post=110256"}],"version-history":[{"count":1,"href":"http:\/\/www.namnewsnetwork.org\/es\/index.php?rest_route=\/wp\/v2\/posts\/110256\/revisions"}],"predecessor-version":[{"id":110269,"href":"http:\/\/www.namnewsnetwork.org\/es\/index.php?rest_route=\/wp\/v2\/posts\/110256\/revisions\/110269"}],"wp:featuredmedia":[{"embeddable":true,"href":"http:\/\/www.namnewsnetwork.org\/es\/index.php?rest_route=\/wp\/v2\/media\/101067"}],"wp:attachment":[{"href":"http:\/\/www.namnewsnetwork.org\/es\/index.php?rest_route=%2Fwp%2Fv2%2Fmedia&parent=110256"}],"wp:term":[{"taxonomy":"category","embeddable":true,"href":"http:\/\/www.namnewsnetwork.org\/es\/index.php?rest_route=%2Fwp%2Fv2%2Fcategories&post=110256"},{"taxonomy":"post_tag","embeddable":true,"href":"http:\/\/www.namnewsnetwork.org\/es\/index.php?rest_route=%2Fwp%2Fv2%2Ftags&post=110256"}],"curies":[{"name":"wp","href":"https:\/\/api.w.org\/{rel}","templated":true}]}}